{"id":62473,"date":"2026-03-05T10:07:00","date_gmt":"2026-03-05T16:07:00","guid":{"rendered":"https:\/\/quepocamadre.com\/?p=62473"},"modified":"2026-03-05T10:07:00","modified_gmt":"2026-03-05T16:07:00","slug":"joven-pierde-la-vida-en-su-domicilio-en-ramos-arizpe","status":"publish","type":"post","link":"https:\/\/quepocamadre.com\/?p=62473","title":{"rendered":"JOVEN PIERDE LA VIDA EN SU DOMICILIO EN RAMOS ARIZPE"},"content":{"rendered":"<p>Un joven de 29 a\u00f1os, identificado como Edson Enrique \u201cN\u201d, fue localizado sin vida al interior de su vivienda en la zona centro de Ramos Arizpe. De acuerdo con los primeros reportes, familiares lo encontraron inconsciente en el domicilio ubicado sobre la calle Rodolfo Cabello y solicitaron apoyo a los servicios de emergencia.<\/p>\n<p>Param\u00e9dicos confirmaron el fallecimiento en el lugar, mientras elementos de la Polic\u00eda Municipal acordonaron el \u00e1rea para permitir las diligencias de la Fiscal\u00eda General del Estado de Coahuila. El cuerpo fue trasladado al Servicio M\u00e9dico Forense para la necropsia correspondiente en el estado de Coahuila.<\/p>\n","protected":false},"excerpt":{"rendered":"<p>Un joven de 29 a\u00f1os, identificado como Edson Enrique \u201cN\u201d, fue localizado sin vida al interior de su vivienda en la zona centro de Ramos Arizpe. De acuerdo con los primeros reportes, familiares lo encontraron inconsciente en el domicilio ubicado sobre la calle Rodolfo Cabello y solicitaron apoyo a los servicios de emergencia. Param\u00e9dicos confirmaron [&hellip;]<\/p>\n","protected":false},"author":1,"featured_media":62477,"comment_status":"open","ping_status":"open","sticky":false,"template":"","format":"standard","meta":{"footnotes":""},"categories":[167,124],"tags":[],"class_list":["post-62473","post","type-post","status-publish","format-standard","has-post-thumbnail","hentry","category-coahuila-nacional","category-nacional"],"_links":{"self":[{"href":"https:\/\/quepocamadre.com\/index.php?rest_route=\/wp\/v2\/posts\/62473","targetHints":{"allow":["GET"]}}],"collection":[{"href":"https:\/\/quepocamadre.com\/index.php?rest_route=\/wp\/v2\/posts"}],"about":[{"href":"https:\/\/quepocamadre.com\/index.php?rest_route=\/wp\/v2\/types\/post"}],"author":[{"embeddable":true,"href":"https:\/\/quepocamadre.com\/index.php?rest_route=\/wp\/v2\/users\/1"}],"replies":[{"embeddable":true,"href":"https:\/\/quepocamadre.com\/index.php?rest_route=%2Fwp%2Fv2%2Fcomments&post=62473"}],"version-history":[{"count":1,"href":"https:\/\/quepocamadre.com\/index.php?rest_route=\/wp\/v2\/posts\/62473\/revisions"}],"predecessor-version":[{"id":62478,"href":"https:\/\/quepocamadre.com\/index.php?rest_route=\/wp\/v2\/posts\/62473\/revisions\/62478"}],"wp:featuredmedia":[{"embeddable":true,"href":"https:\/\/quepocamadre.com\/index.php?rest_route=\/wp\/v2\/media\/62477"}],"wp:attachment":[{"href":"https:\/\/quepocamadre.com\/index.php?rest_route=%2Fwp%2Fv2%2Fmedia&parent=62473"}],"wp:term":[{"taxonomy":"category","embeddable":true,"href":"https:\/\/quepocamadre.com\/index.php?rest_route=%2Fwp%2Fv2%2Fcategories&post=62473"},{"taxonomy":"post_tag","embeddable":true,"href":"https:\/\/quepocamadre.com\/index.php?rest_route=%2Fwp%2Fv2%2Ftags&post=62473"}],"curies":[{"name":"wp","href":"https:\/\/api.w.org\/{rel}","templated":true}]}}