{"id":62453,"date":"2026-03-05T10:03:19","date_gmt":"2026-03-05T16:03:19","guid":{"rendered":"https:\/\/quepocamadre.com\/?p=62453"},"modified":"2026-03-05T10:03:19","modified_gmt":"2026-03-05T16:03:19","slug":"bala-perdida-deja-a-mujer-grave-en-rina-de-pandillas","status":"publish","type":"post","link":"https:\/\/quepocamadre.com\/?p=62453","title":{"rendered":"BALA PERDIDA DEJA A MUJER GRAVE EN RI\u00d1A DE PANDILLAS"},"content":{"rendered":"<p>Una mujer result\u00f3 gravemente herida tras quedar en medio de una ri\u00f1a entre los grupos conocidos como \u201cLos Huercos\u201d y \u201cLos Salsi\u201d en la colonia Divisi\u00f3n del Norte, en Durango. De acuerdo con reportes preliminares, la v\u00edctima caminaba por la zona cuando comenz\u00f3 el enfrentamiento y durante las detonaciones de arma de fuego una bala la alcanz\u00f3, pese a no tener relaci\u00f3n con el conflicto.<\/p>\n<p>Param\u00e9dicos acudieron al lugar para brindarle atenci\u00f3n y trasladarla a un hospital, mientras corporaciones de seguridad desplegaron un operativo para ubicar a los responsables. Vecinos del sector se\u00f1alaron que los enfrentamientos entre pandillas rivales se han vuelto recurrentes, generando preocupaci\u00f3n entre habitantes del Durango.<\/p>\n","protected":false},"excerpt":{"rendered":"<p>Una mujer result\u00f3 gravemente herida tras quedar en medio de una ri\u00f1a entre los grupos conocidos como \u201cLos Huercos\u201d y \u201cLos Salsi\u201d en la colonia Divisi\u00f3n del Norte, en Durango. De acuerdo con reportes preliminares, la v\u00edctima caminaba por la zona cuando comenz\u00f3 el enfrentamiento y durante las detonaciones de arma de fuego una bala [&hellip;]<\/p>\n","protected":false},"author":1,"featured_media":62457,"comment_status":"open","ping_status":"open","sticky":false,"template":"","format":"standard","meta":{"footnotes":""},"categories":[168,124],"tags":[],"class_list":["post-62453","post","type-post","status-publish","format-standard","has-post-thumbnail","hentry","category-durango","category-nacional"],"_links":{"self":[{"href":"https:\/\/quepocamadre.com\/index.php?rest_route=\/wp\/v2\/posts\/62453","targetHints":{"allow":["GET"]}}],"collection":[{"href":"https:\/\/quepocamadre.com\/index.php?rest_route=\/wp\/v2\/posts"}],"about":[{"href":"https:\/\/quepocamadre.com\/index.php?rest_route=\/wp\/v2\/types\/post"}],"author":[{"embeddable":true,"href":"https:\/\/quepocamadre.com\/index.php?rest_route=\/wp\/v2\/users\/1"}],"replies":[{"embeddable":true,"href":"https:\/\/quepocamadre.com\/index.php?rest_route=%2Fwp%2Fv2%2Fcomments&post=62453"}],"version-history":[{"count":1,"href":"https:\/\/quepocamadre.com\/index.php?rest_route=\/wp\/v2\/posts\/62453\/revisions"}],"predecessor-version":[{"id":62458,"href":"https:\/\/quepocamadre.com\/index.php?rest_route=\/wp\/v2\/posts\/62453\/revisions\/62458"}],"wp:featuredmedia":[{"embeddable":true,"href":"https:\/\/quepocamadre.com\/index.php?rest_route=\/wp\/v2\/media\/62457"}],"wp:attachment":[{"href":"https:\/\/quepocamadre.com\/index.php?rest_route=%2Fwp%2Fv2%2Fmedia&parent=62453"}],"wp:term":[{"taxonomy":"category","embeddable":true,"href":"https:\/\/quepocamadre.com\/index.php?rest_route=%2Fwp%2Fv2%2Fcategories&post=62453"},{"taxonomy":"post_tag","embeddable":true,"href":"https:\/\/quepocamadre.com\/index.php?rest_route=%2Fwp%2Fv2%2Ftags&post=62453"}],"curies":[{"name":"wp","href":"https:\/\/api.w.org\/{rel}","templated":true}]}}