{"id":62385,"date":"2026-03-04T14:01:28","date_gmt":"2026-03-04T20:01:28","guid":{"rendered":"https:\/\/quepocamadre.com\/?p=62385"},"modified":"2026-03-04T14:01:28","modified_gmt":"2026-03-04T20:01:28","slug":"horror-en-ocoyoacac-secuestro-operativo-masivo-y-un-cuerpo-en-una-barranca","status":"publish","type":"post","link":"https:\/\/quepocamadre.com\/?p=62385","title":{"rendered":"HORROR EN OCOYOACAC: SECUESTRO, OPERATIVO MASIVO Y UN CUERPO EN UNA BARRANCA"},"content":{"rendered":"<p data-start=\"85\" data-end=\"450\">Un fuerte operativo policiaco se despleg\u00f3 en <strong data-start=\"130\" data-end=\"161\">Ocoyoacac, Estado de M\u00e9xico<\/strong>, luego de que autoridades rescataran a un menor que presuntamente hab\u00eda sido privado de la libertad. El caso tom\u00f3 un giro a\u00fan m\u00e1s grave cuando un joven de 17 a\u00f1os relat\u00f3 lo ocurrido en el poblado de <strong data-start=\"361\" data-end=\"375\">Tepexoyuca<\/strong>, lo que llev\u00f3 a las autoridades a iniciar una intensa b\u00fasqueda en la zona.<\/p>\n<p data-start=\"452\" data-end=\"815\">M\u00e1s de <strong data-start=\"459\" data-end=\"499\">100 polic\u00edas estatales y municipales<\/strong> participaron en el operativo que se concentr\u00f3 cerca del pante\u00f3n local. En una barranca de aproximadamente ocho metros de profundidad, los agentes localizaron el cuerpo sin vida de <strong data-start=\"680\" data-end=\"703\">Rodrigo, de 42 a\u00f1os<\/strong>, quien hab\u00eda sido reportado como desaparecido el fin de semana. El hombre fue reconocido por su propio hermano.<\/p>\n<p data-start=\"817\" data-end=\"1186\">La v\u00edctima presentaba <strong data-start=\"839\" data-end=\"863\">huellas de violencia<\/strong>, de acuerdo con los primeros reportes. Durante las acciones, las autoridades lograron <strong data-start=\"950\" data-end=\"975\">detener a 16 personas<\/strong>, entre ellas varios sospechosos presuntamente vinculados con homicidios y secuestros en la zona. La <strong data-start=\"1076\" data-end=\"1109\">Fiscal\u00eda del Estado de M\u00e9xico<\/strong> ya investiga el caso para determinar la situaci\u00f3n jur\u00eddica de los detenidos.<\/p>\n","protected":false},"excerpt":{"rendered":"<p>Un fuerte operativo policiaco se despleg\u00f3 en Ocoyoacac, Estado de M\u00e9xico, luego de que autoridades rescataran a un menor que presuntamente hab\u00eda sido privado de la libertad. El caso tom\u00f3 un giro a\u00fan m\u00e1s grave cuando un joven de 17 a\u00f1os relat\u00f3 lo ocurrido en el poblado de Tepexoyuca, lo que llev\u00f3 a las autoridades [&hellip;]<\/p>\n","protected":false},"author":12,"featured_media":62386,"comment_status":"open","ping_status":"open","sticky":false,"template":"","format":"standard","meta":{"footnotes":""},"categories":[102,117],"tags":[],"class_list":["post-62385","post","type-post","status-publish","format-standard","has-post-thumbnail","hentry","category-edomex","category-ocoyoacac"],"_links":{"self":[{"href":"https:\/\/quepocamadre.com\/index.php?rest_route=\/wp\/v2\/posts\/62385","targetHints":{"allow":["GET"]}}],"collection":[{"href":"https:\/\/quepocamadre.com\/index.php?rest_route=\/wp\/v2\/posts"}],"about":[{"href":"https:\/\/quepocamadre.com\/index.php?rest_route=\/wp\/v2\/types\/post"}],"author":[{"embeddable":true,"href":"https:\/\/quepocamadre.com\/index.php?rest_route=\/wp\/v2\/users\/12"}],"replies":[{"embeddable":true,"href":"https:\/\/quepocamadre.com\/index.php?rest_route=%2Fwp%2Fv2%2Fcomments&post=62385"}],"version-history":[{"count":1,"href":"https:\/\/quepocamadre.com\/index.php?rest_route=\/wp\/v2\/posts\/62385\/revisions"}],"predecessor-version":[{"id":62387,"href":"https:\/\/quepocamadre.com\/index.php?rest_route=\/wp\/v2\/posts\/62385\/revisions\/62387"}],"wp:featuredmedia":[{"embeddable":true,"href":"https:\/\/quepocamadre.com\/index.php?rest_route=\/wp\/v2\/media\/62386"}],"wp:attachment":[{"href":"https:\/\/quepocamadre.com\/index.php?rest_route=%2Fwp%2Fv2%2Fmedia&parent=62385"}],"wp:term":[{"taxonomy":"category","embeddable":true,"href":"https:\/\/quepocamadre.com\/index.php?rest_route=%2Fwp%2Fv2%2Fcategories&post=62385"},{"taxonomy":"post_tag","embeddable":true,"href":"https:\/\/quepocamadre.com\/index.php?rest_route=%2Fwp%2Fv2%2Ftags&post=62385"}],"curies":[{"name":"wp","href":"https:\/\/api.w.org\/{rel}","templated":true}]}}