{"id":62281,"date":"2026-03-04T08:51:35","date_gmt":"2026-03-04T14:51:35","guid":{"rendered":"https:\/\/quepocamadre.com\/?p=62281"},"modified":"2026-03-04T08:51:35","modified_gmt":"2026-03-04T14:51:35","slug":"matan-a-herrero-y-a-su-hijo-en-naucalpan","status":"publish","type":"post","link":"https:\/\/quepocamadre.com\/?p=62281","title":{"rendered":"MATAN A HERRERO Y A SU HIJO EN NAUCALPAN"},"content":{"rendered":"<p>Un herrero y su hijo fueron asesinados en un ataque directo perpetrado por sujetos que viajaban en una motocicleta azul en la zona de El Molinito, en Naucalpan de Ju\u00e1rez. El doble homicidio ocurri\u00f3 a espaldas del Campo Militar, en un \u00e1rea con actividad comercial, lo que gener\u00f3 alarma entre vecinos y comerciantes.<\/p>\n<p>La zona fue acordonada mientras peritos de la Fiscal\u00eda General de Justicia del Estado de M\u00e9xico iniciaban las diligencias correspondientes. Hasta el momento no se reportan personas detenidas, en un sector donde previamente se han registrado otros hechos violentos, lo que mantiene la preocupaci\u00f3n entre habitantes.<\/p>\n","protected":false},"excerpt":{"rendered":"<p>Un herrero y su hijo fueron asesinados en un ataque directo perpetrado por sujetos que viajaban en una motocicleta azul en la zona de El Molinito, en Naucalpan de Ju\u00e1rez. El doble homicidio ocurri\u00f3 a espaldas del Campo Militar, en un \u00e1rea con actividad comercial, lo que gener\u00f3 alarma entre vecinos y comerciantes. La zona [&hellip;]<\/p>\n","protected":false},"author":1,"featured_media":62285,"comment_status":"open","ping_status":"open","sticky":false,"template":"","format":"standard","meta":{"footnotes":""},"categories":[102,243],"tags":[],"class_list":["post-62281","post","type-post","status-publish","format-standard","has-post-thumbnail","hentry","category-edomex","category-naucalpan"],"_links":{"self":[{"href":"https:\/\/quepocamadre.com\/index.php?rest_route=\/wp\/v2\/posts\/62281","targetHints":{"allow":["GET"]}}],"collection":[{"href":"https:\/\/quepocamadre.com\/index.php?rest_route=\/wp\/v2\/posts"}],"about":[{"href":"https:\/\/quepocamadre.com\/index.php?rest_route=\/wp\/v2\/types\/post"}],"author":[{"embeddable":true,"href":"https:\/\/quepocamadre.com\/index.php?rest_route=\/wp\/v2\/users\/1"}],"replies":[{"embeddable":true,"href":"https:\/\/quepocamadre.com\/index.php?rest_route=%2Fwp%2Fv2%2Fcomments&post=62281"}],"version-history":[{"count":1,"href":"https:\/\/quepocamadre.com\/index.php?rest_route=\/wp\/v2\/posts\/62281\/revisions"}],"predecessor-version":[{"id":62286,"href":"https:\/\/quepocamadre.com\/index.php?rest_route=\/wp\/v2\/posts\/62281\/revisions\/62286"}],"wp:featuredmedia":[{"embeddable":true,"href":"https:\/\/quepocamadre.com\/index.php?rest_route=\/wp\/v2\/media\/62285"}],"wp:attachment":[{"href":"https:\/\/quepocamadre.com\/index.php?rest_route=%2Fwp%2Fv2%2Fmedia&parent=62281"}],"wp:term":[{"taxonomy":"category","embeddable":true,"href":"https:\/\/quepocamadre.com\/index.php?rest_route=%2Fwp%2Fv2%2Fcategories&post=62281"},{"taxonomy":"post_tag","embeddable":true,"href":"https:\/\/quepocamadre.com\/index.php?rest_route=%2Fwp%2Fv2%2Ftags&post=62281"}],"curies":[{"name":"wp","href":"https:\/\/api.w.org\/{rel}","templated":true}]}}