{"id":62142,"date":"2026-03-03T09:11:17","date_gmt":"2026-03-03T15:11:17","guid":{"rendered":"https:\/\/quepocamadre.com\/?p=62142"},"modified":"2026-03-03T09:11:17","modified_gmt":"2026-03-03T15:11:17","slug":"aparece-cadaver-de-un-hombre-en-suchiate","status":"publish","type":"post","link":"https:\/\/quepocamadre.com\/?p=62142","title":{"rendered":"APARECE CAD\u00c1VER DE UN HOMBRE EN SUCHIATE"},"content":{"rendered":"<p>El cuerpo sin vida de un hombre fue localizado la ma\u00f1ana de este lunes sobre el libramiento que conduce al municipio de Suchiate, a la altura del punto conocido como \u201cLa Aceitera\u201d.<\/p>\n<p>El reporte se recibi\u00f3 en las primeras horas del d\u00eda. Al acudir al sitio, elementos de seguridad confirmaron la presencia de un hombre que vest\u00eda pantal\u00f3n beige y camisa morada. A un costado fue localizada una motocicleta.<\/p>\n<p>Hasta el momento, las autoridades no han determinado si el fallecimiento deriv\u00f3 de un accidente vial o si se trata de un hecho violento. La zona fue acordonada para preservar indicios y permitir el trabajo pericial.<\/p>\n","protected":false},"excerpt":{"rendered":"<p>El cuerpo sin vida de un hombre fue localizado la ma\u00f1ana de este lunes sobre el libramiento que conduce al municipio de Suchiate, a la altura del punto conocido como \u201cLa Aceitera\u201d. El reporte se recibi\u00f3 en las primeras horas del d\u00eda. Al acudir al sitio, elementos de seguridad confirmaron la presencia de un hombre [&hellip;]<\/p>\n","protected":false},"author":1,"featured_media":62144,"comment_status":"open","ping_status":"open","sticky":false,"template":"","format":"standard","meta":{"footnotes":""},"categories":[159,124],"tags":[],"class_list":["post-62142","post","type-post","status-publish","format-standard","has-post-thumbnail","hentry","category-chiapas","category-nacional"],"_links":{"self":[{"href":"https:\/\/quepocamadre.com\/index.php?rest_route=\/wp\/v2\/posts\/62142","targetHints":{"allow":["GET"]}}],"collection":[{"href":"https:\/\/quepocamadre.com\/index.php?rest_route=\/wp\/v2\/posts"}],"about":[{"href":"https:\/\/quepocamadre.com\/index.php?rest_route=\/wp\/v2\/types\/post"}],"author":[{"embeddable":true,"href":"https:\/\/quepocamadre.com\/index.php?rest_route=\/wp\/v2\/users\/1"}],"replies":[{"embeddable":true,"href":"https:\/\/quepocamadre.com\/index.php?rest_route=%2Fwp%2Fv2%2Fcomments&post=62142"}],"version-history":[{"count":1,"href":"https:\/\/quepocamadre.com\/index.php?rest_route=\/wp\/v2\/posts\/62142\/revisions"}],"predecessor-version":[{"id":62145,"href":"https:\/\/quepocamadre.com\/index.php?rest_route=\/wp\/v2\/posts\/62142\/revisions\/62145"}],"wp:featuredmedia":[{"embeddable":true,"href":"https:\/\/quepocamadre.com\/index.php?rest_route=\/wp\/v2\/media\/62144"}],"wp:attachment":[{"href":"https:\/\/quepocamadre.com\/index.php?rest_route=%2Fwp%2Fv2%2Fmedia&parent=62142"}],"wp:term":[{"taxonomy":"category","embeddable":true,"href":"https:\/\/quepocamadre.com\/index.php?rest_route=%2Fwp%2Fv2%2Fcategories&post=62142"},{"taxonomy":"post_tag","embeddable":true,"href":"https:\/\/quepocamadre.com\/index.php?rest_route=%2Fwp%2Fv2%2Ftags&post=62142"}],"curies":[{"name":"wp","href":"https:\/\/api.w.org\/{rel}","templated":true}]}}