{"id":62041,"date":"2026-03-02T10:02:32","date_gmt":"2026-03-02T16:02:32","guid":{"rendered":"https:\/\/quepocamadre.com\/?p=62041"},"modified":"2026-03-02T10:02:32","modified_gmt":"2026-03-02T16:02:32","slug":"detienen-a-sujeto-con-15-kilos-de-meta-en-naucalpan","status":"publish","type":"post","link":"https:\/\/quepocamadre.com\/?p=62041","title":{"rendered":"Detienen a sujeto con 15 kilos de &#8220;meta&#8221; en Naucalpan"},"content":{"rendered":"<p>Un cargamento de aproximadamente 15 kilogramos de presunta metanfetamina fue asegurado por elementos de la SSEM.<\/p>\n<p>La droga era transportada en un veh\u00edculo que circulaba sin placas sobre el Circuito Exterior Mexiquense. Los elementos solicitaron al conductor realizar una revisi\u00f3n f\u00edsica a su persona y a la unidad.<\/p>\n<p>Tras llevar a cabo la inspecci\u00f3n hallaron en el interior del automotor un costal con una sustancia, color blanco con caracter\u00edsticas similares a metanfetamina.<\/p>\n<p>En el lugar fue detenido Jos\u00e9 \u201cN\u201d, de 51 a\u00f1os de edad, quien fue informado de sus derechos y trasladado junto con la sustancia asegurada ante la Fiscal\u00eda General de la Rep\u00fablica, donde se inici\u00f3 una carpeta de investigaci\u00f3n por delitos contra la salud.<\/p>\n","protected":false},"excerpt":{"rendered":"<p>Un cargamento de aproximadamente 15 kilogramos de presunta metanfetamina fue asegurado por elementos de la SSEM. La droga era transportada en un veh\u00edculo que circulaba sin placas sobre el Circuito Exterior Mexiquense. Los elementos solicitaron al conductor realizar una revisi\u00f3n f\u00edsica a su persona y a la unidad. Tras llevar a cabo la inspecci\u00f3n hallaron [&hellip;]<\/p>\n","protected":false},"author":1,"featured_media":62046,"comment_status":"open","ping_status":"open","sticky":false,"template":"","format":"standard","meta":{"footnotes":""},"categories":[102,243],"tags":[],"class_list":["post-62041","post","type-post","status-publish","format-standard","has-post-thumbnail","hentry","category-edomex","category-naucalpan"],"_links":{"self":[{"href":"https:\/\/quepocamadre.com\/index.php?rest_route=\/wp\/v2\/posts\/62041","targetHints":{"allow":["GET"]}}],"collection":[{"href":"https:\/\/quepocamadre.com\/index.php?rest_route=\/wp\/v2\/posts"}],"about":[{"href":"https:\/\/quepocamadre.com\/index.php?rest_route=\/wp\/v2\/types\/post"}],"author":[{"embeddable":true,"href":"https:\/\/quepocamadre.com\/index.php?rest_route=\/wp\/v2\/users\/1"}],"replies":[{"embeddable":true,"href":"https:\/\/quepocamadre.com\/index.php?rest_route=%2Fwp%2Fv2%2Fcomments&post=62041"}],"version-history":[{"count":1,"href":"https:\/\/quepocamadre.com\/index.php?rest_route=\/wp\/v2\/posts\/62041\/revisions"}],"predecessor-version":[{"id":62047,"href":"https:\/\/quepocamadre.com\/index.php?rest_route=\/wp\/v2\/posts\/62041\/revisions\/62047"}],"wp:featuredmedia":[{"embeddable":true,"href":"https:\/\/quepocamadre.com\/index.php?rest_route=\/wp\/v2\/media\/62046"}],"wp:attachment":[{"href":"https:\/\/quepocamadre.com\/index.php?rest_route=%2Fwp%2Fv2%2Fmedia&parent=62041"}],"wp:term":[{"taxonomy":"category","embeddable":true,"href":"https:\/\/quepocamadre.com\/index.php?rest_route=%2Fwp%2Fv2%2Fcategories&post=62041"},{"taxonomy":"post_tag","embeddable":true,"href":"https:\/\/quepocamadre.com\/index.php?rest_route=%2Fwp%2Fv2%2Ftags&post=62041"}],"curies":[{"name":"wp","href":"https:\/\/api.w.org\/{rel}","templated":true}]}}