{"id":62023,"date":"2026-03-02T09:53:20","date_gmt":"2026-03-02T15:53:20","guid":{"rendered":"https:\/\/quepocamadre.com\/?p=62023"},"modified":"2026-03-02T09:53:20","modified_gmt":"2026-03-02T15:53:20","slug":"se-desbarranca-camion-se-accidenta-en-la-curva-del-diablo-en-morelos","status":"publish","type":"post","link":"https:\/\/quepocamadre.com\/?p=62023","title":{"rendered":"\u00a1SE DESBARRANCA! CAMI\u00d3N SE ACCIDENTA EN LA CURVA DEL DIABLO EN MORELOS"},"content":{"rendered":"<p>Un cami\u00f3n cay\u00f3 a un barranco mientras transitaba a la altura del municipio de Tlalnepantla en el estado de Morelos, espec\u00edficamente en uno de los tramos de la carretera Xochimilco-Oaxtepec, es conocida popularmente como la &#8220;Curva del Diablo&#8221;.<\/p>\n<p>En el accidente perdieron la vida 8 personas, adem\u00e1s de dejar varios heridos que fueron atendidos por los cuerpos de emergencia de Morelos. El veh\u00edculo sali\u00f3 del municipio de Milpa Alta con destino a Oaxtepec como parte de una excursi\u00f3n.<\/p>\n<p>Hasta el momento, se reporta de manera inicial un total de 23 personas lesionadas, aunque las cifras podr\u00edan actualizarse conforme avancen los trabajos de rescate.<\/p>\n","protected":false},"excerpt":{"rendered":"<p>Un cami\u00f3n cay\u00f3 a un barranco mientras transitaba a la altura del municipio de Tlalnepantla en el estado de Morelos, espec\u00edficamente en uno de los tramos de la carretera Xochimilco-Oaxtepec, es conocida popularmente como la &#8220;Curva del Diablo&#8221;. En el accidente perdieron la vida 8 personas, adem\u00e1s de dejar varios heridos que fueron atendidos por [&hellip;]<\/p>\n","protected":false},"author":1,"featured_media":62027,"comment_status":"open","ping_status":"open","sticky":false,"template":"","format":"standard","meta":{"footnotes":""},"categories":[171,124],"tags":[],"class_list":["post-62023","post","type-post","status-publish","format-standard","has-post-thumbnail","hentry","category-morelos","category-nacional"],"_links":{"self":[{"href":"https:\/\/quepocamadre.com\/index.php?rest_route=\/wp\/v2\/posts\/62023","targetHints":{"allow":["GET"]}}],"collection":[{"href":"https:\/\/quepocamadre.com\/index.php?rest_route=\/wp\/v2\/posts"}],"about":[{"href":"https:\/\/quepocamadre.com\/index.php?rest_route=\/wp\/v2\/types\/post"}],"author":[{"embeddable":true,"href":"https:\/\/quepocamadre.com\/index.php?rest_route=\/wp\/v2\/users\/1"}],"replies":[{"embeddable":true,"href":"https:\/\/quepocamadre.com\/index.php?rest_route=%2Fwp%2Fv2%2Fcomments&post=62023"}],"version-history":[{"count":1,"href":"https:\/\/quepocamadre.com\/index.php?rest_route=\/wp\/v2\/posts\/62023\/revisions"}],"predecessor-version":[{"id":62028,"href":"https:\/\/quepocamadre.com\/index.php?rest_route=\/wp\/v2\/posts\/62023\/revisions\/62028"}],"wp:featuredmedia":[{"embeddable":true,"href":"https:\/\/quepocamadre.com\/index.php?rest_route=\/wp\/v2\/media\/62027"}],"wp:attachment":[{"href":"https:\/\/quepocamadre.com\/index.php?rest_route=%2Fwp%2Fv2%2Fmedia&parent=62023"}],"wp:term":[{"taxonomy":"category","embeddable":true,"href":"https:\/\/quepocamadre.com\/index.php?rest_route=%2Fwp%2Fv2%2Fcategories&post=62023"},{"taxonomy":"post_tag","embeddable":true,"href":"https:\/\/quepocamadre.com\/index.php?rest_route=%2Fwp%2Fv2%2Ftags&post=62023"}],"curies":[{"name":"wp","href":"https:\/\/api.w.org\/{rel}","templated":true}]}}