{"id":61958,"date":"2026-02-27T08:59:06","date_gmt":"2026-02-27T14:59:06","guid":{"rendered":"https:\/\/quepocamadre.com\/?p=61958"},"modified":"2026-02-27T08:59:06","modified_gmt":"2026-02-27T14:59:06","slug":"podria-regresar-a-las-carreras-pero-politicas-ana-gabriela-guevara-esta-buscando-lanzarse-como-candidata","status":"publish","type":"post","link":"https:\/\/quepocamadre.com\/?p=61958","title":{"rendered":"\u00a1Podr\u00eda regresar a las carreras&#8230; pero pol\u00edticas! Ana Gabriela Guevara est\u00e1 buscando lanzarse como candidata"},"content":{"rendered":"<p>Todo pas\u00f3 en un microsegundo, y es que la reaparici\u00f3n p\u00fablica de Ana Gabriela Guevara sacudi\u00f3 el escenario pol\u00edtico en Sonora, cuando la medallista ol\u00edmpica y exdirectora de la Comisi\u00f3n Nacional de Cultura F\u00edsica y Deporte (Conade) particip\u00f3 recientemente en encuentros con liderazgos del Partido Verde Ecologista de M\u00e9xico (PVEM), lo que deton\u00f3 especulaciones sobre un posible regreso formal a la contienda electoral rumbo a los pr\u00f3ximos procesos locales.<\/p>\n<p>Hasta el momento no ha hecho oficial ninguna aspiraci\u00f3n; su presencia en reuniones partidistas, entrevistas con medios de informaci\u00f3n donde habl\u00f3 al respecto y actos p\u00fablicos fue interpretada como un mensaje claro: Guevara vuelve a posicionarse en la conversaci\u00f3n pol\u00edtica.<\/p>\n<p>Tras concluir su gesti\u00f3n al frente del deporte nacional, mantuvo un perfil discreto, lejos del protagonismo medi\u00e1tico que caracteriz\u00f3 buena parte de su administraci\u00f3n.<\/p>\n<p>Su eventual incorporaci\u00f3n al Partido Verde tambi\u00e9n resulta significativa en el contexto de reacomodos pol\u00edticos en la entidad.<\/p>\n<p>Guevara estuvo vinculada a Morena, por lo que su acercamiento a otra fuerza partidista representa un movimiento estrat\u00e9gico que podr\u00eda modificar alianzas y equilibrios internos en Sonora.<\/p>\n<p>Guevara cuenta con trayectoria legislativa, experiencia en la administraci\u00f3n p\u00fablica federal y un alto nivel de reconocimiento ciudadano gracias a su carrera deportiva internacional. Ese capital simb\u00f3lico la convierte en un perfil competitivo en cualquier boleta electoral, especialmente en un estado donde conserva presencia pol\u00edtica y estructura territorial.<\/p>\n<p>Pero su retorno tambi\u00e9n revive debates y es que durante su gesti\u00f3n en la Conade enfrent\u00f3 cr\u00edticas y controversias relacionadas con la pol\u00edtica deportiva y la relaci\u00f3n con federaciones y atletas.<\/p>\n<p>Para sus simpatizantes, su estilo frontal represent\u00f3 firmeza en la toma de decisiones; para sus detractores, gener\u00f3 divisiones innecesarias en el ecosistema deportivo.<\/p>\n<p>En el an\u00e1lisis local, su activaci\u00f3n pol\u00edtica es vista como el primer paso de una estrategia de posicionamiento rumbo a 2027; de concretarse una candidatura, Guevara podr\u00eda convertirse en uno de los nombres m\u00e1s competitivos del proceso en Sonora.<\/p>\n<p>Por ahora, su reaparici\u00f3n confirma que no est\u00e1 fuera del juego pol\u00edtico y que su historia p\u00fablica a\u00fan tiene cap\u00edtulos por escribirse.<\/p>\n","protected":false},"excerpt":{"rendered":"<p>Todo pas\u00f3 en un microsegundo, y es que la reaparici\u00f3n p\u00fablica de Ana Gabriela Guevara sacudi\u00f3 el escenario pol\u00edtico en Sonora, cuando la medallista ol\u00edmpica y exdirectora de la Comisi\u00f3n Nacional de Cultura F\u00edsica y Deporte (Conade) particip\u00f3 recientemente en encuentros con liderazgos del Partido Verde Ecologista de M\u00e9xico (PVEM), lo que deton\u00f3 especulaciones sobre [&hellip;]<\/p>\n","protected":false},"author":1,"featured_media":61962,"comment_status":"open","ping_status":"open","sticky":false,"template":"","format":"standard","meta":{"footnotes":""},"categories":[124,138],"tags":[],"class_list":["post-61958","post","type-post","status-publish","format-standard","has-post-thumbnail","hentry","category-nacional","category-sonora"],"_links":{"self":[{"href":"https:\/\/quepocamadre.com\/index.php?rest_route=\/wp\/v2\/posts\/61958","targetHints":{"allow":["GET"]}}],"collection":[{"href":"https:\/\/quepocamadre.com\/index.php?rest_route=\/wp\/v2\/posts"}],"about":[{"href":"https:\/\/quepocamadre.com\/index.php?rest_route=\/wp\/v2\/types\/post"}],"author":[{"embeddable":true,"href":"https:\/\/quepocamadre.com\/index.php?rest_route=\/wp\/v2\/users\/1"}],"replies":[{"embeddable":true,"href":"https:\/\/quepocamadre.com\/index.php?rest_route=%2Fwp%2Fv2%2Fcomments&post=61958"}],"version-history":[{"count":1,"href":"https:\/\/quepocamadre.com\/index.php?rest_route=\/wp\/v2\/posts\/61958\/revisions"}],"predecessor-version":[{"id":61963,"href":"https:\/\/quepocamadre.com\/index.php?rest_route=\/wp\/v2\/posts\/61958\/revisions\/61963"}],"wp:featuredmedia":[{"embeddable":true,"href":"https:\/\/quepocamadre.com\/index.php?rest_route=\/wp\/v2\/media\/61962"}],"wp:attachment":[{"href":"https:\/\/quepocamadre.com\/index.php?rest_route=%2Fwp%2Fv2%2Fmedia&parent=61958"}],"wp:term":[{"taxonomy":"category","embeddable":true,"href":"https:\/\/quepocamadre.com\/index.php?rest_route=%2Fwp%2Fv2%2Fcategories&post=61958"},{"taxonomy":"post_tag","embeddable":true,"href":"https:\/\/quepocamadre.com\/index.php?rest_route=%2Fwp%2Fv2%2Ftags&post=61958"}],"curies":[{"name":"wp","href":"https:\/\/api.w.org\/{rel}","templated":true}]}}