{"id":61946,"date":"2026-02-27T08:55:37","date_gmt":"2026-02-27T14:55:37","guid":{"rendered":"https:\/\/quepocamadre.com\/?p=61946"},"modified":"2026-02-27T08:55:37","modified_gmt":"2026-02-27T14:55:37","slug":"lo-acribillan-con-seis-tiros-en-xaloztoc","status":"publish","type":"post","link":"https:\/\/quepocamadre.com\/?p=61946","title":{"rendered":"LO ACRIBILLAN CON SEIS TIROS EN XALOZTOC"},"content":{"rendered":"<p>Un hombre fue asesinado en un ataque directo a balazos en San Cosme Xaloztoc, donde recibi\u00f3 al menos seis disparos en inmediaciones de la cabecera municipal. El estruendo de las detonaciones alert\u00f3 a vecinos, mientras polic\u00edas municipales y estatales acordonaban la zona para preservar la escena.<\/p>\n<p>La identidad de la v\u00edctima no ha sido confirmada oficialmente. Personal del Servicio M\u00e9dico Forense y de la Fiscal\u00eda General de Justicia del Estado de Tlaxcala realiz\u00f3 el levantamiento del cuerpo e inici\u00f3 la carpeta de investigaci\u00f3n por este nuevo hecho violento en el estado de Tlaxcala.<\/p>\n","protected":false},"excerpt":{"rendered":"<p>Un hombre fue asesinado en un ataque directo a balazos en San Cosme Xaloztoc, donde recibi\u00f3 al menos seis disparos en inmediaciones de la cabecera municipal. El estruendo de las detonaciones alert\u00f3 a vecinos, mientras polic\u00edas municipales y estatales acordonaban la zona para preservar la escena. La identidad de la v\u00edctima no ha sido confirmada [&hellip;]<\/p>\n","protected":false},"author":1,"featured_media":61950,"comment_status":"open","ping_status":"open","sticky":false,"template":"","format":"standard","meta":{"footnotes":""},"categories":[124,170],"tags":[],"class_list":["post-61946","post","type-post","status-publish","format-standard","has-post-thumbnail","hentry","category-nacional","category-tlaxcala"],"_links":{"self":[{"href":"https:\/\/quepocamadre.com\/index.php?rest_route=\/wp\/v2\/posts\/61946","targetHints":{"allow":["GET"]}}],"collection":[{"href":"https:\/\/quepocamadre.com\/index.php?rest_route=\/wp\/v2\/posts"}],"about":[{"href":"https:\/\/quepocamadre.com\/index.php?rest_route=\/wp\/v2\/types\/post"}],"author":[{"embeddable":true,"href":"https:\/\/quepocamadre.com\/index.php?rest_route=\/wp\/v2\/users\/1"}],"replies":[{"embeddable":true,"href":"https:\/\/quepocamadre.com\/index.php?rest_route=%2Fwp%2Fv2%2Fcomments&post=61946"}],"version-history":[{"count":1,"href":"https:\/\/quepocamadre.com\/index.php?rest_route=\/wp\/v2\/posts\/61946\/revisions"}],"predecessor-version":[{"id":61951,"href":"https:\/\/quepocamadre.com\/index.php?rest_route=\/wp\/v2\/posts\/61946\/revisions\/61951"}],"wp:featuredmedia":[{"embeddable":true,"href":"https:\/\/quepocamadre.com\/index.php?rest_route=\/wp\/v2\/media\/61950"}],"wp:attachment":[{"href":"https:\/\/quepocamadre.com\/index.php?rest_route=%2Fwp%2Fv2%2Fmedia&parent=61946"}],"wp:term":[{"taxonomy":"category","embeddable":true,"href":"https:\/\/quepocamadre.com\/index.php?rest_route=%2Fwp%2Fv2%2Fcategories&post=61946"},{"taxonomy":"post_tag","embeddable":true,"href":"https:\/\/quepocamadre.com\/index.php?rest_route=%2Fwp%2Fv2%2Ftags&post=61946"}],"curies":[{"name":"wp","href":"https:\/\/api.w.org\/{rel}","templated":true}]}}