{"id":61893,"date":"2026-02-26T09:20:09","date_gmt":"2026-02-26T15:20:09","guid":{"rendered":"https:\/\/quepocamadre.com\/?p=61893"},"modified":"2026-02-26T09:20:09","modified_gmt":"2026-02-26T15:20:09","slug":"dejan-encobijado-en-tlaxcala","status":"publish","type":"post","link":"https:\/\/quepocamadre.com\/?p=61893","title":{"rendered":"DEJAN ENCOBIJADO EN TLAXCALA"},"content":{"rendered":"<p>Un cuerpo sin vida fue hallado envuelto en pl\u00e1stico y cubierto con una cobija en el municipio de Tenancingo, Tlaxcala, en un hecho que gener\u00f3 movilizaci\u00f3n policiaca en la zona. El hallazgo fue reportado por vecinos, quienes alertaron a las autoridades tras notar un bulto sospechoso.<\/p>\n<p>Elementos ministeriales acudieron al sitio para acordonar el \u00e1rea e iniciar las investigaciones correspondientes, as\u00ed como el levantamiento del cad\u00e1ver para su identificaci\u00f3n. Hasta el momento no se ha informado oficialmente sobre la identidad de la v\u00edctima ni sobre posibles responsables.<\/p>\n","protected":false},"excerpt":{"rendered":"<p>Un cuerpo sin vida fue hallado envuelto en pl\u00e1stico y cubierto con una cobija en el municipio de Tenancingo, Tlaxcala, en un hecho que gener\u00f3 movilizaci\u00f3n policiaca en la zona. El hallazgo fue reportado por vecinos, quienes alertaron a las autoridades tras notar un bulto sospechoso. Elementos ministeriales acudieron al sitio para acordonar el \u00e1rea [&hellip;]<\/p>\n","protected":false},"author":1,"featured_media":61898,"comment_status":"open","ping_status":"open","sticky":false,"template":"","format":"standard","meta":{"footnotes":""},"categories":[124,170],"tags":[],"class_list":["post-61893","post","type-post","status-publish","format-standard","has-post-thumbnail","hentry","category-nacional","category-tlaxcala"],"_links":{"self":[{"href":"https:\/\/quepocamadre.com\/index.php?rest_route=\/wp\/v2\/posts\/61893","targetHints":{"allow":["GET"]}}],"collection":[{"href":"https:\/\/quepocamadre.com\/index.php?rest_route=\/wp\/v2\/posts"}],"about":[{"href":"https:\/\/quepocamadre.com\/index.php?rest_route=\/wp\/v2\/types\/post"}],"author":[{"embeddable":true,"href":"https:\/\/quepocamadre.com\/index.php?rest_route=\/wp\/v2\/users\/1"}],"replies":[{"embeddable":true,"href":"https:\/\/quepocamadre.com\/index.php?rest_route=%2Fwp%2Fv2%2Fcomments&post=61893"}],"version-history":[{"count":1,"href":"https:\/\/quepocamadre.com\/index.php?rest_route=\/wp\/v2\/posts\/61893\/revisions"}],"predecessor-version":[{"id":61899,"href":"https:\/\/quepocamadre.com\/index.php?rest_route=\/wp\/v2\/posts\/61893\/revisions\/61899"}],"wp:featuredmedia":[{"embeddable":true,"href":"https:\/\/quepocamadre.com\/index.php?rest_route=\/wp\/v2\/media\/61898"}],"wp:attachment":[{"href":"https:\/\/quepocamadre.com\/index.php?rest_route=%2Fwp%2Fv2%2Fmedia&parent=61893"}],"wp:term":[{"taxonomy":"category","embeddable":true,"href":"https:\/\/quepocamadre.com\/index.php?rest_route=%2Fwp%2Fv2%2Fcategories&post=61893"},{"taxonomy":"post_tag","embeddable":true,"href":"https:\/\/quepocamadre.com\/index.php?rest_route=%2Fwp%2Fv2%2Ftags&post=61893"}],"curies":[{"name":"wp","href":"https:\/\/api.w.org\/{rel}","templated":true}]}}