{"id":61846,"date":"2026-02-25T09:57:50","date_gmt":"2026-02-25T15:57:50","guid":{"rendered":"https:\/\/quepocamadre.com\/?p=61846"},"modified":"2026-02-25T09:57:50","modified_gmt":"2026-02-25T15:57:50","slug":"vuelca-trailer-y-desata-rapina-en-campeche","status":"publish","type":"post","link":"https:\/\/quepocamadre.com\/?p=61846","title":{"rendered":"VUELCA TR\u00c1ILER Y DESATA RAPI\u00d1A EN CAMPECHE"},"content":{"rendered":"<p>Un tr\u00e1iler de doble remolque cargado con cerveza termin\u00f3 volcado en la glorieta del poblado de San Francisco Kob\u00e9n, en Campeche, luego de que el conductor perdiera el control sobre la carretera federal Campeche\u2013M\u00e9rida. El operador fue auxiliado por personas que estaban en la zona y posteriormente atendido por param\u00e9dicos del Sistema de Atenci\u00f3n M\u00e9dica de Urgencias.<\/p>\n<p>Tras el accidente, decenas de pobladores comenzaron a llevarse la mercanc\u00eda entre empujones y carreras, mientras la vialidad qued\u00f3 bloqueada por horas, generando fuerte congestionamiento. Elementos de la Guardia Nacional y la Polic\u00eda Estatal acudieron para controlar la situaci\u00f3n y restablecer el orden, en un hecho que volvi\u00f3 a exhibir escenas de rapi\u00f1a en carreteras del pa\u00eds.<\/p>\n","protected":false},"excerpt":{"rendered":"<p>Un tr\u00e1iler de doble remolque cargado con cerveza termin\u00f3 volcado en la glorieta del poblado de San Francisco Kob\u00e9n, en Campeche, luego de que el conductor perdiera el control sobre la carretera federal Campeche\u2013M\u00e9rida. El operador fue auxiliado por personas que estaban en la zona y posteriormente atendido por param\u00e9dicos del Sistema de Atenci\u00f3n M\u00e9dica [&hellip;]<\/p>\n","protected":false},"author":1,"featured_media":61850,"comment_status":"open","ping_status":"open","sticky":false,"template":"","format":"standard","meta":{"footnotes":""},"categories":[135,124],"tags":[],"class_list":["post-61846","post","type-post","status-publish","format-standard","has-post-thumbnail","hentry","category-campeche","category-nacional"],"_links":{"self":[{"href":"https:\/\/quepocamadre.com\/index.php?rest_route=\/wp\/v2\/posts\/61846","targetHints":{"allow":["GET"]}}],"collection":[{"href":"https:\/\/quepocamadre.com\/index.php?rest_route=\/wp\/v2\/posts"}],"about":[{"href":"https:\/\/quepocamadre.com\/index.php?rest_route=\/wp\/v2\/types\/post"}],"author":[{"embeddable":true,"href":"https:\/\/quepocamadre.com\/index.php?rest_route=\/wp\/v2\/users\/1"}],"replies":[{"embeddable":true,"href":"https:\/\/quepocamadre.com\/index.php?rest_route=%2Fwp%2Fv2%2Fcomments&post=61846"}],"version-history":[{"count":1,"href":"https:\/\/quepocamadre.com\/index.php?rest_route=\/wp\/v2\/posts\/61846\/revisions"}],"predecessor-version":[{"id":61851,"href":"https:\/\/quepocamadre.com\/index.php?rest_route=\/wp\/v2\/posts\/61846\/revisions\/61851"}],"wp:featuredmedia":[{"embeddable":true,"href":"https:\/\/quepocamadre.com\/index.php?rest_route=\/wp\/v2\/media\/61850"}],"wp:attachment":[{"href":"https:\/\/quepocamadre.com\/index.php?rest_route=%2Fwp%2Fv2%2Fmedia&parent=61846"}],"wp:term":[{"taxonomy":"category","embeddable":true,"href":"https:\/\/quepocamadre.com\/index.php?rest_route=%2Fwp%2Fv2%2Fcategories&post=61846"},{"taxonomy":"post_tag","embeddable":true,"href":"https:\/\/quepocamadre.com\/index.php?rest_route=%2Fwp%2Fv2%2Ftags&post=61846"}],"curies":[{"name":"wp","href":"https:\/\/api.w.org\/{rel}","templated":true}]}}