{"id":61708,"date":"2026-02-23T10:06:35","date_gmt":"2026-02-23T16:06:35","guid":{"rendered":"https:\/\/quepocamadre.com\/?p=61708"},"modified":"2026-02-23T10:06:35","modified_gmt":"2026-02-23T16:06:35","slug":"sin-respeto-mujer-es-detenida-por-agredir-a-una-therian-en-merida","status":"publish","type":"post","link":"https:\/\/quepocamadre.com\/?p=61708","title":{"rendered":"\u00a1SIN RESPETO! MUJER ES DETENIDA POR AGREDIR A UNA THERIAN EN M\u00c9RIDA"},"content":{"rendered":"<p>Una joven fue arrestada por atacar a un therian, caracterizado de perro, durante la reuni\u00f3n masiva de est\u00e1 comunidad. Tras arrojarle croquetas y huevos, adem\u00e1s de expresar abiertamente su rechazo, la confrontaci\u00f3n subi\u00f3 de nivel y lleg\u00f3 a los golpes con la persona que acompa\u00f1aba al therian.<\/p>\n<p>\u201c\u00bfQuieres croquetitas? \u00bfSe te antojan unas croquetitas? (&#8230;) \u00bfQui\u00e9n est\u00e1 a favor de los therians?\u201d, expres\u00f3 a gritos delante de las personas, que acudieron al Monumento a la Bandera solo para observar a los therians yucatecos.<\/p>\n<p>Polic\u00edas de la Secretar\u00eda de Seguridad P\u00fablica (SSP) la detuvieron luego de la agresi\u00f3n f\u00edsica y verbal en contra del therian y su acompa\u00f1ante.<\/p>\n","protected":false},"excerpt":{"rendered":"<p>Una joven fue arrestada por atacar a un therian, caracterizado de perro, durante la reuni\u00f3n masiva de est\u00e1 comunidad. Tras arrojarle croquetas y huevos, adem\u00e1s de expresar abiertamente su rechazo, la confrontaci\u00f3n subi\u00f3 de nivel y lleg\u00f3 a los golpes con la persona que acompa\u00f1aba al therian. \u201c\u00bfQuieres croquetitas? \u00bfSe te antojan unas croquetitas? (&#8230;) [&hellip;]<\/p>\n","protected":false},"author":1,"featured_media":61709,"comment_status":"open","ping_status":"open","sticky":false,"template":"","format":"standard","meta":{"footnotes":""},"categories":[124,175],"tags":[],"class_list":["post-61708","post","type-post","status-publish","format-standard","has-post-thumbnail","hentry","category-nacional","category-yucatan"],"_links":{"self":[{"href":"https:\/\/quepocamadre.com\/index.php?rest_route=\/wp\/v2\/posts\/61708","targetHints":{"allow":["GET"]}}],"collection":[{"href":"https:\/\/quepocamadre.com\/index.php?rest_route=\/wp\/v2\/posts"}],"about":[{"href":"https:\/\/quepocamadre.com\/index.php?rest_route=\/wp\/v2\/types\/post"}],"author":[{"embeddable":true,"href":"https:\/\/quepocamadre.com\/index.php?rest_route=\/wp\/v2\/users\/1"}],"replies":[{"embeddable":true,"href":"https:\/\/quepocamadre.com\/index.php?rest_route=%2Fwp%2Fv2%2Fcomments&post=61708"}],"version-history":[{"count":1,"href":"https:\/\/quepocamadre.com\/index.php?rest_route=\/wp\/v2\/posts\/61708\/revisions"}],"predecessor-version":[{"id":61710,"href":"https:\/\/quepocamadre.com\/index.php?rest_route=\/wp\/v2\/posts\/61708\/revisions\/61710"}],"wp:featuredmedia":[{"embeddable":true,"href":"https:\/\/quepocamadre.com\/index.php?rest_route=\/wp\/v2\/media\/61709"}],"wp:attachment":[{"href":"https:\/\/quepocamadre.com\/index.php?rest_route=%2Fwp%2Fv2%2Fmedia&parent=61708"}],"wp:term":[{"taxonomy":"category","embeddable":true,"href":"https:\/\/quepocamadre.com\/index.php?rest_route=%2Fwp%2Fv2%2Fcategories&post=61708"},{"taxonomy":"post_tag","embeddable":true,"href":"https:\/\/quepocamadre.com\/index.php?rest_route=%2Fwp%2Fv2%2Ftags&post=61708"}],"curies":[{"name":"wp","href":"https:\/\/api.w.org\/{rel}","templated":true}]}}