{"id":61610,"date":"2026-02-19T08:31:08","date_gmt":"2026-02-19T14:31:08","guid":{"rendered":"https:\/\/quepocamadre.com\/?p=61610"},"modified":"2026-02-19T08:31:08","modified_gmt":"2026-02-19T14:31:08","slug":"mataron-a-tiros-a-dos-jovenes","status":"publish","type":"post","link":"https:\/\/quepocamadre.com\/?p=61610","title":{"rendered":"MATARON A TIROS A DOS J\u00d3VENES"},"content":{"rendered":"<p>Dos j\u00f3venes fueron hallados sin vida la ma\u00f1ana de este s\u00e1bado en el poblado de Tezoyuca, perteneciente al municipio de Emiliano Zapata, Morelos. Los cuerpos presentaban visibles huellas de violencia y, de acuerdo con reportes preliminares, ambos tendr\u00edan entre 20 y 30 a\u00f1os de edad; uno vest\u00eda chamarra y pantal\u00f3n negro, mientras el otro portaba short de mezclilla, chamarra blanca y gorra roja.<\/p>\n<p>Autoridades acordonaron la zona e iniciaron las diligencias correspondientes para esclarecer el doble homicidio, sin que hasta el momento se reporten personas detenidas ni se haya informado oficialmente sobre la identidad de las v\u00edctimas. El hecho volvi\u00f3 a generar inquietud entre habitantes de la regi\u00f3n ante los recientes episodios violentos.<\/p>\n","protected":false},"excerpt":{"rendered":"<p>Dos j\u00f3venes fueron hallados sin vida la ma\u00f1ana de este s\u00e1bado en el poblado de Tezoyuca, perteneciente al municipio de Emiliano Zapata, Morelos. Los cuerpos presentaban visibles huellas de violencia y, de acuerdo con reportes preliminares, ambos tendr\u00edan entre 20 y 30 a\u00f1os de edad; uno vest\u00eda chamarra y pantal\u00f3n negro, mientras el otro portaba [&hellip;]<\/p>\n","protected":false},"author":1,"featured_media":61614,"comment_status":"open","ping_status":"open","sticky":false,"template":"","format":"standard","meta":{"footnotes":""},"categories":[102,285],"tags":[],"class_list":["post-61610","post","type-post","status-publish","format-standard","has-post-thumbnail","hentry","category-edomex","category-tezoyuca"],"_links":{"self":[{"href":"https:\/\/quepocamadre.com\/index.php?rest_route=\/wp\/v2\/posts\/61610","targetHints":{"allow":["GET"]}}],"collection":[{"href":"https:\/\/quepocamadre.com\/index.php?rest_route=\/wp\/v2\/posts"}],"about":[{"href":"https:\/\/quepocamadre.com\/index.php?rest_route=\/wp\/v2\/types\/post"}],"author":[{"embeddable":true,"href":"https:\/\/quepocamadre.com\/index.php?rest_route=\/wp\/v2\/users\/1"}],"replies":[{"embeddable":true,"href":"https:\/\/quepocamadre.com\/index.php?rest_route=%2Fwp%2Fv2%2Fcomments&post=61610"}],"version-history":[{"count":1,"href":"https:\/\/quepocamadre.com\/index.php?rest_route=\/wp\/v2\/posts\/61610\/revisions"}],"predecessor-version":[{"id":61615,"href":"https:\/\/quepocamadre.com\/index.php?rest_route=\/wp\/v2\/posts\/61610\/revisions\/61615"}],"wp:featuredmedia":[{"embeddable":true,"href":"https:\/\/quepocamadre.com\/index.php?rest_route=\/wp\/v2\/media\/61614"}],"wp:attachment":[{"href":"https:\/\/quepocamadre.com\/index.php?rest_route=%2Fwp%2Fv2%2Fmedia&parent=61610"}],"wp:term":[{"taxonomy":"category","embeddable":true,"href":"https:\/\/quepocamadre.com\/index.php?rest_route=%2Fwp%2Fv2%2Fcategories&post=61610"},{"taxonomy":"post_tag","embeddable":true,"href":"https:\/\/quepocamadre.com\/index.php?rest_route=%2Fwp%2Fv2%2Ftags&post=61610"}],"curies":[{"name":"wp","href":"https:\/\/api.w.org\/{rel}","templated":true}]}}