{"id":61557,"date":"2026-02-18T08:43:34","date_gmt":"2026-02-18T14:43:34","guid":{"rendered":"https:\/\/quepocamadre.com\/?p=61557"},"modified":"2026-02-18T08:43:34","modified_gmt":"2026-02-18T14:43:34","slug":"los-sentencian-a-50-anos-de-prision-por-secuestro-expres-en-texcoco","status":"publish","type":"post","link":"https:\/\/quepocamadre.com\/?p=61557","title":{"rendered":"Los sentencian a 50 a\u00f1os de prisi\u00f3n por secuestro expr\u00e9s en Texcoco"},"content":{"rendered":"<p>La Fiscal\u00eda General de Justicia del Estado de M\u00e9xico (FGJEM) obtuvo sentencia de 50 a\u00f1os de prisi\u00f3n contra Sa\u00fal Alejandro Torres Cruz y Jos\u00e9 Guadalupe Isa\u00edas Ortega, tras acreditarse su responsabilidad en el delito de secuestro expr\u00e9s con fines de robo, ocurrido en Texcoco, Edom\u00e9x.<\/p>\n<p>El 25 de febrero de 2025, la v\u00edctima conduc\u00eda un Nissan prestando servicio de transporte por plataforma digital cuando, al circular por la colonia Ni\u00f1os H\u00e9roes (Texcoco), fue abordado por dos hombres que simularon ser pasajeros. En un veh\u00edculo distinto, donde viajaban los ahora sentenciados, comenzaron a seguir la unidad.<\/p>\n<p>Ya en Acolman, los supuestos pasajeros amenazaron al conductor con un arma de fuego, lo obligaron a pasar a la parte trasera y lo privaron de la libertad. Posteriormente, se dirigieron a la colonia Ampliaci\u00f3n, San Mateo Chipiltepec (Acolman), donde Sa\u00fal y Jos\u00e9 Guadalupe descendieron a la v\u00edctima e intentaron subirla al auto en el que arribaron.<\/p>\n<p>Elementos de seguridad p\u00fablica de Acolman que realizaban patrullajes detectaron la acci\u00f3n y detuvieron a los hoy sentenciados; otros dos implicados lograron huir en la unidad de la v\u00edctima.<\/p>\n<p>Tras el proceso legal y la valoraci\u00f3n de pruebas, el juez dict\u00f3 50 a\u00f1os de prisi\u00f3n y el pago de una multa de 452,560 pesos para cada uno.<\/p>\n<p>Se recuerda que toda persona se presume inocente hasta que exista sentencia condenatoria firme (ya emitida en este caso).<\/p>\n","protected":false},"excerpt":{"rendered":"<p>La Fiscal\u00eda General de Justicia del Estado de M\u00e9xico (FGJEM) obtuvo sentencia de 50 a\u00f1os de prisi\u00f3n contra Sa\u00fal Alejandro Torres Cruz y Jos\u00e9 Guadalupe Isa\u00edas Ortega, tras acreditarse su responsabilidad en el delito de secuestro expr\u00e9s con fines de robo, ocurrido en Texcoco, Edom\u00e9x. El 25 de febrero de 2025, la v\u00edctima conduc\u00eda un [&hellip;]<\/p>\n","protected":false},"author":1,"featured_media":61562,"comment_status":"open","ping_status":"open","sticky":false,"template":"","format":"standard","meta":{"footnotes":""},"categories":[102,263],"tags":[],"class_list":["post-61557","post","type-post","status-publish","format-standard","has-post-thumbnail","hentry","category-edomex","category-texcoco"],"_links":{"self":[{"href":"https:\/\/quepocamadre.com\/index.php?rest_route=\/wp\/v2\/posts\/61557","targetHints":{"allow":["GET"]}}],"collection":[{"href":"https:\/\/quepocamadre.com\/index.php?rest_route=\/wp\/v2\/posts"}],"about":[{"href":"https:\/\/quepocamadre.com\/index.php?rest_route=\/wp\/v2\/types\/post"}],"author":[{"embeddable":true,"href":"https:\/\/quepocamadre.com\/index.php?rest_route=\/wp\/v2\/users\/1"}],"replies":[{"embeddable":true,"href":"https:\/\/quepocamadre.com\/index.php?rest_route=%2Fwp%2Fv2%2Fcomments&post=61557"}],"version-history":[{"count":1,"href":"https:\/\/quepocamadre.com\/index.php?rest_route=\/wp\/v2\/posts\/61557\/revisions"}],"predecessor-version":[{"id":61563,"href":"https:\/\/quepocamadre.com\/index.php?rest_route=\/wp\/v2\/posts\/61557\/revisions\/61563"}],"wp:featuredmedia":[{"embeddable":true,"href":"https:\/\/quepocamadre.com\/index.php?rest_route=\/wp\/v2\/media\/61562"}],"wp:attachment":[{"href":"https:\/\/quepocamadre.com\/index.php?rest_route=%2Fwp%2Fv2%2Fmedia&parent=61557"}],"wp:term":[{"taxonomy":"category","embeddable":true,"href":"https:\/\/quepocamadre.com\/index.php?rest_route=%2Fwp%2Fv2%2Fcategories&post=61557"},{"taxonomy":"post_tag","embeddable":true,"href":"https:\/\/quepocamadre.com\/index.php?rest_route=%2Fwp%2Fv2%2Ftags&post=61557"}],"curies":[{"name":"wp","href":"https:\/\/api.w.org\/{rel}","templated":true}]}}