{"id":61501,"date":"2026-02-17T08:17:52","date_gmt":"2026-02-17T14:17:52","guid":{"rendered":"https:\/\/quepocamadre.com\/?p=61501"},"modified":"2026-02-17T08:17:52","modified_gmt":"2026-02-17T14:17:52","slug":"recuperan-autoridades-mercancia-robada-con-valor-de-6-millones-de-pesos","status":"publish","type":"post","link":"https:\/\/quepocamadre.com\/?p=61501","title":{"rendered":"Recuperan autoridades mercanc\u00eda robada con valor de 6 millones de pesos"},"content":{"rendered":"<p>Derivado de la ejecuci\u00f3n de una t\u00e9cnica de investigaci\u00f3n de cateo a cargo de elementos de la FGJEM y de la SSEM, recuperaron mercanc\u00eda y veh\u00edculos con reporte de robo valuados en aproximadamente 6.3 millones de pesos.<\/p>\n<p>Tras una denuncia por el robo de un veh\u00edculo que transportaba mercanc\u00eda propiedad de una empresa privada, el Agente del Ministerio P\u00fablico pudo precisar que el pasado 9 de febrero de este a\u00f1o, la v\u00edctima se encontraba a bordo de un veh\u00edculo acoplado a una caja seca cargada con productos de higiene personal en el municipio de Cuautitl\u00e1n Izcalli, momento en que fue interceptado por dos sujetos, quienes haciendo uso de armas de fuego lo obligaron a subir a una camioneta para desapoderarla de la unidad que conduc\u00eda.<\/p>\n<p>La v\u00edctima fue liberada horas despu\u00e9s en un punto diverso, en tanto que los agresores se dieron a la fuga con la unidad robada.<\/p>\n<p>Tras las investigaciones, se identific\u00f3 la ubicaci\u00f3n de la unidad robada gracias al sistema de geolocalizaci\u00f3n, por lo que se solicit\u00f3 una orden de cateo.<\/p>\n<p>Personal de la Fiscal\u00eda mexiquense y de la SSEM acudieron a un inmueble localizado en la colonia Loma Bonita del municipio de Tepotzotl\u00e1n, donde, de acuerdo a la se\u00f1al emitida por el dispositivo, aparentemente se encontraba la mercanc\u00eda robada.<\/p>\n<p>Al ingresar a dicho domicilio, se localiz\u00f3 la mercanc\u00eda robada, consistente en productos de higiene personal, as\u00ed como una cabina, una camioneta y el chasis de un veh\u00edculo, que en su totalidad ascienden a un estimado de 6.3 millones de pesos; el inmueble qued\u00f3 asegurado para continuar con las investigaciones.<\/p>\n<p><a href=\"https:\/\/quepocamadre.com\/wp-content\/uploads\/2026\/02\/recuperan-2-1.jpg\"><img fetchpriority=\"high\" decoding=\"async\" class=\"aligncenter size-full wp-image-61507\" src=\"https:\/\/quepocamadre.com\/wp-content\/uploads\/2026\/02\/recuperan-2-1.jpg\" alt=\"\" width=\"1200\" height=\"801\" srcset=\"https:\/\/quepocamadre.com\/wp-content\/uploads\/2026\/02\/recuperan-2-1.jpg 1200w, https:\/\/quepocamadre.com\/wp-content\/uploads\/2026\/02\/recuperan-2-1-300x200.jpg 300w, https:\/\/quepocamadre.com\/wp-content\/uploads\/2026\/02\/recuperan-2-1-1024x684.jpg 1024w, https:\/\/quepocamadre.com\/wp-content\/uploads\/2026\/02\/recuperan-2-1-768x513.jpg 768w\" sizes=\"(max-width: 1200px) 100vw, 1200px\" \/><\/a><\/p>\n","protected":false},"excerpt":{"rendered":"<p>Derivado de la ejecuci\u00f3n de una t\u00e9cnica de investigaci\u00f3n de cateo a cargo de elementos de la FGJEM y de la SSEM, recuperaron mercanc\u00eda y veh\u00edculos con reporte de robo valuados en aproximadamente 6.3 millones de pesos. Tras una denuncia por el robo de un veh\u00edculo que transportaba mercanc\u00eda propiedad de una empresa privada, el [&hellip;]<\/p>\n","protected":false},"author":1,"featured_media":61506,"comment_status":"open","ping_status":"open","sticky":false,"template":"","format":"standard","meta":{"footnotes":""},"categories":[102,282],"tags":[],"class_list":["post-61501","post","type-post","status-publish","format-standard","has-post-thumbnail","hentry","category-edomex","category-tepotzotlan"],"_links":{"self":[{"href":"https:\/\/quepocamadre.com\/index.php?rest_route=\/wp\/v2\/posts\/61501","targetHints":{"allow":["GET"]}}],"collection":[{"href":"https:\/\/quepocamadre.com\/index.php?rest_route=\/wp\/v2\/posts"}],"about":[{"href":"https:\/\/quepocamadre.com\/index.php?rest_route=\/wp\/v2\/types\/post"}],"author":[{"embeddable":true,"href":"https:\/\/quepocamadre.com\/index.php?rest_route=\/wp\/v2\/users\/1"}],"replies":[{"embeddable":true,"href":"https:\/\/quepocamadre.com\/index.php?rest_route=%2Fwp%2Fv2%2Fcomments&post=61501"}],"version-history":[{"count":1,"href":"https:\/\/quepocamadre.com\/index.php?rest_route=\/wp\/v2\/posts\/61501\/revisions"}],"predecessor-version":[{"id":61508,"href":"https:\/\/quepocamadre.com\/index.php?rest_route=\/wp\/v2\/posts\/61501\/revisions\/61508"}],"wp:featuredmedia":[{"embeddable":true,"href":"https:\/\/quepocamadre.com\/index.php?rest_route=\/wp\/v2\/media\/61506"}],"wp:attachment":[{"href":"https:\/\/quepocamadre.com\/index.php?rest_route=%2Fwp%2Fv2%2Fmedia&parent=61501"}],"wp:term":[{"taxonomy":"category","embeddable":true,"href":"https:\/\/quepocamadre.com\/index.php?rest_route=%2Fwp%2Fv2%2Fcategories&post=61501"},{"taxonomy":"post_tag","embeddable":true,"href":"https:\/\/quepocamadre.com\/index.php?rest_route=%2Fwp%2Fv2%2Ftags&post=61501"}],"curies":[{"name":"wp","href":"https:\/\/api.w.org\/{rel}","templated":true}]}}