{"id":61492,"date":"2026-02-17T08:15:39","date_gmt":"2026-02-17T14:15:39","guid":{"rendered":"https:\/\/quepocamadre.com\/?p=61492"},"modified":"2026-02-17T08:15:39","modified_gmt":"2026-02-17T14:15:39","slug":"dejan-a-dos-bien-envueltos-en-un-terreno-en-tlaxcala","status":"publish","type":"post","link":"https:\/\/quepocamadre.com\/?p=61492","title":{"rendered":"DEJAN A DOS BIEN ENVUELTOS EN UN TERRENO EN TLAXCALA"},"content":{"rendered":"<p>La alarma se encendi\u00f3 en el Barrio de San Nicol\u00e1s, en San Pablo del Monte, luego de que fueran localizados los cuerpos de un hombre y una mujer envueltos en pl\u00e1stico en un terreno cercano a la calle Defensores de la Rep\u00fablica. El hallazgo, tras un aviso an\u00f3nimo en la zona del jag\u00fcey, provoc\u00f3 una fuerte movilizaci\u00f3n policiaca y el acordonamiento inmediato del \u00e1rea.<\/p>\n<p>De manera preliminar, las v\u00edctimas no han sido identificadas y se desconocen las circunstancias del crimen. La Fiscal\u00eda General de Justicia del Estado de Tlaxcala inici\u00f3 las diligencias correspondientes, mientras en la regi\u00f3n lim\u00edtrofe con Puebla crece la preocupaci\u00f3n ciudadana ante nuevos hechos violentos.<\/p>\n","protected":false},"excerpt":{"rendered":"<p>La alarma se encendi\u00f3 en el Barrio de San Nicol\u00e1s, en San Pablo del Monte, luego de que fueran localizados los cuerpos de un hombre y una mujer envueltos en pl\u00e1stico en un terreno cercano a la calle Defensores de la Rep\u00fablica. El hallazgo, tras un aviso an\u00f3nimo en la zona del jag\u00fcey, provoc\u00f3 una [&hellip;]<\/p>\n","protected":false},"author":1,"featured_media":61496,"comment_status":"open","ping_status":"open","sticky":false,"template":"","format":"standard","meta":{"footnotes":""},"categories":[124,170],"tags":[],"class_list":["post-61492","post","type-post","status-publish","format-standard","has-post-thumbnail","hentry","category-nacional","category-tlaxcala"],"_links":{"self":[{"href":"https:\/\/quepocamadre.com\/index.php?rest_route=\/wp\/v2\/posts\/61492","targetHints":{"allow":["GET"]}}],"collection":[{"href":"https:\/\/quepocamadre.com\/index.php?rest_route=\/wp\/v2\/posts"}],"about":[{"href":"https:\/\/quepocamadre.com\/index.php?rest_route=\/wp\/v2\/types\/post"}],"author":[{"embeddable":true,"href":"https:\/\/quepocamadre.com\/index.php?rest_route=\/wp\/v2\/users\/1"}],"replies":[{"embeddable":true,"href":"https:\/\/quepocamadre.com\/index.php?rest_route=%2Fwp%2Fv2%2Fcomments&post=61492"}],"version-history":[{"count":1,"href":"https:\/\/quepocamadre.com\/index.php?rest_route=\/wp\/v2\/posts\/61492\/revisions"}],"predecessor-version":[{"id":61497,"href":"https:\/\/quepocamadre.com\/index.php?rest_route=\/wp\/v2\/posts\/61492\/revisions\/61497"}],"wp:featuredmedia":[{"embeddable":true,"href":"https:\/\/quepocamadre.com\/index.php?rest_route=\/wp\/v2\/media\/61496"}],"wp:attachment":[{"href":"https:\/\/quepocamadre.com\/index.php?rest_route=%2Fwp%2Fv2%2Fmedia&parent=61492"}],"wp:term":[{"taxonomy":"category","embeddable":true,"href":"https:\/\/quepocamadre.com\/index.php?rest_route=%2Fwp%2Fv2%2Fcategories&post=61492"},{"taxonomy":"post_tag","embeddable":true,"href":"https:\/\/quepocamadre.com\/index.php?rest_route=%2Fwp%2Fv2%2Ftags&post=61492"}],"curies":[{"name":"wp","href":"https:\/\/api.w.org\/{rel}","templated":true}]}}