{"id":61486,"date":"2026-02-17T08:14:44","date_gmt":"2026-02-17T14:14:44","guid":{"rendered":"https:\/\/quepocamadre.com\/?p=61486"},"modified":"2026-02-17T08:14:44","modified_gmt":"2026-02-17T14:14:44","slug":"camioneta-irrumpe-en-farmacia-de-merida","status":"publish","type":"post","link":"https:\/\/quepocamadre.com\/?p=61486","title":{"rendered":"CAMIONETA IRRUMPE EN FARMACIA DE M\u00c9RIDA"},"content":{"rendered":"<p>Momentos de susto se vivieron en M\u00e9rida, luego de que una camioneta terminara incrustada dentro de una sucursal de Farmacias del Ahorro ubicada en la avenida Itz\u00e1es con calle 69. El veh\u00edculo atraves\u00f3 la fachada del establecimiento, causando da\u00f1os materiales y generando la r\u00e1pida movilizaci\u00f3n de cuerpos de emergencia.<\/p>\n<p>Param\u00e9dicos y polic\u00edas acudieron al sitio para valorar a la persona conductora y a posibles afectados dentro del negocio. Hasta el momento no se han detallado las causas del accidente, mientras autoridades realizan el peritaje correspondiente en Yucat\u00e1n.<\/p>\n","protected":false},"excerpt":{"rendered":"<p>Momentos de susto se vivieron en M\u00e9rida, luego de que una camioneta terminara incrustada dentro de una sucursal de Farmacias del Ahorro ubicada en la avenida Itz\u00e1es con calle 69. El veh\u00edculo atraves\u00f3 la fachada del establecimiento, causando da\u00f1os materiales y generando la r\u00e1pida movilizaci\u00f3n de cuerpos de emergencia. Param\u00e9dicos y polic\u00edas acudieron al sitio [&hellip;]<\/p>\n","protected":false},"author":1,"featured_media":61490,"comment_status":"open","ping_status":"open","sticky":false,"template":"","format":"standard","meta":{"footnotes":""},"categories":[124,175],"tags":[],"class_list":["post-61486","post","type-post","status-publish","format-standard","has-post-thumbnail","hentry","category-nacional","category-yucatan"],"_links":{"self":[{"href":"https:\/\/quepocamadre.com\/index.php?rest_route=\/wp\/v2\/posts\/61486","targetHints":{"allow":["GET"]}}],"collection":[{"href":"https:\/\/quepocamadre.com\/index.php?rest_route=\/wp\/v2\/posts"}],"about":[{"href":"https:\/\/quepocamadre.com\/index.php?rest_route=\/wp\/v2\/types\/post"}],"author":[{"embeddable":true,"href":"https:\/\/quepocamadre.com\/index.php?rest_route=\/wp\/v2\/users\/1"}],"replies":[{"embeddable":true,"href":"https:\/\/quepocamadre.com\/index.php?rest_route=%2Fwp%2Fv2%2Fcomments&post=61486"}],"version-history":[{"count":1,"href":"https:\/\/quepocamadre.com\/index.php?rest_route=\/wp\/v2\/posts\/61486\/revisions"}],"predecessor-version":[{"id":61491,"href":"https:\/\/quepocamadre.com\/index.php?rest_route=\/wp\/v2\/posts\/61486\/revisions\/61491"}],"wp:featuredmedia":[{"embeddable":true,"href":"https:\/\/quepocamadre.com\/index.php?rest_route=\/wp\/v2\/media\/61490"}],"wp:attachment":[{"href":"https:\/\/quepocamadre.com\/index.php?rest_route=%2Fwp%2Fv2%2Fmedia&parent=61486"}],"wp:term":[{"taxonomy":"category","embeddable":true,"href":"https:\/\/quepocamadre.com\/index.php?rest_route=%2Fwp%2Fv2%2Fcategories&post=61486"},{"taxonomy":"post_tag","embeddable":true,"href":"https:\/\/quepocamadre.com\/index.php?rest_route=%2Fwp%2Fv2%2Ftags&post=61486"}],"curies":[{"name":"wp","href":"https:\/\/api.w.org\/{rel}","templated":true}]}}