{"id":61483,"date":"2026-02-17T08:14:14","date_gmt":"2026-02-17T14:14:14","guid":{"rendered":"https:\/\/quepocamadre.com\/?p=61483"},"modified":"2026-02-17T08:14:14","modified_gmt":"2026-02-17T14:14:14","slug":"adolescente-da-a-luz-en-banos-en-una-prepa-de-chiapas","status":"publish","type":"post","link":"https:\/\/quepocamadre.com\/?p=61483","title":{"rendered":"ADOLESCENTE DA A LUZ EN BA\u00d1OS EN UNA PREPA DE CHIAPAS"},"content":{"rendered":"<p>Una estudiante de 16 a\u00f1os sorprendi\u00f3 a compa\u00f1eros y docentes al entrar en labor de parto dentro de los sanitarios de la preparatoria Juan Sabines Guti\u00e9rrez, en Chiapas. La joven comenz\u00f3 con fuertes dolores durante la jornada escolar y, antes de poder ser trasladada, dio a luz en el interior del plantel, lo que gener\u00f3 momentos de tensi\u00f3n entre la comunidad educativa.<\/p>\n<p>De inmediato se activaron los protocolos y acudi\u00f3 Protecci\u00f3n Civil, con apoyo de la Polic\u00eda Municipal y personal docente, quienes auxiliaron a la menor hasta la llegada de param\u00e9dicos. Madre e hijo fueron trasladados a una unidad m\u00e9dica y, de acuerdo con los primeros reportes, ambos se encuentran estables. Las clases fueron suspendidas temporalmente para resguardar la privacidad de la adolescente y permitir la atenci\u00f3n adecuada.<\/p>\n","protected":false},"excerpt":{"rendered":"<p>Una estudiante de 16 a\u00f1os sorprendi\u00f3 a compa\u00f1eros y docentes al entrar en labor de parto dentro de los sanitarios de la preparatoria Juan Sabines Guti\u00e9rrez, en Chiapas. La joven comenz\u00f3 con fuertes dolores durante la jornada escolar y, antes de poder ser trasladada, dio a luz en el interior del plantel, lo que gener\u00f3 [&hellip;]<\/p>\n","protected":false},"author":1,"featured_media":61487,"comment_status":"open","ping_status":"open","sticky":false,"template":"","format":"standard","meta":{"footnotes":""},"categories":[159,124],"tags":[],"class_list":["post-61483","post","type-post","status-publish","format-standard","has-post-thumbnail","hentry","category-chiapas","category-nacional"],"_links":{"self":[{"href":"https:\/\/quepocamadre.com\/index.php?rest_route=\/wp\/v2\/posts\/61483","targetHints":{"allow":["GET"]}}],"collection":[{"href":"https:\/\/quepocamadre.com\/index.php?rest_route=\/wp\/v2\/posts"}],"about":[{"href":"https:\/\/quepocamadre.com\/index.php?rest_route=\/wp\/v2\/types\/post"}],"author":[{"embeddable":true,"href":"https:\/\/quepocamadre.com\/index.php?rest_route=\/wp\/v2\/users\/1"}],"replies":[{"embeddable":true,"href":"https:\/\/quepocamadre.com\/index.php?rest_route=%2Fwp%2Fv2%2Fcomments&post=61483"}],"version-history":[{"count":1,"href":"https:\/\/quepocamadre.com\/index.php?rest_route=\/wp\/v2\/posts\/61483\/revisions"}],"predecessor-version":[{"id":61488,"href":"https:\/\/quepocamadre.com\/index.php?rest_route=\/wp\/v2\/posts\/61483\/revisions\/61488"}],"wp:featuredmedia":[{"embeddable":true,"href":"https:\/\/quepocamadre.com\/index.php?rest_route=\/wp\/v2\/media\/61487"}],"wp:attachment":[{"href":"https:\/\/quepocamadre.com\/index.php?rest_route=%2Fwp%2Fv2%2Fmedia&parent=61483"}],"wp:term":[{"taxonomy":"category","embeddable":true,"href":"https:\/\/quepocamadre.com\/index.php?rest_route=%2Fwp%2Fv2%2Fcategories&post=61483"},{"taxonomy":"post_tag","embeddable":true,"href":"https:\/\/quepocamadre.com\/index.php?rest_route=%2Fwp%2Fv2%2Ftags&post=61483"}],"curies":[{"name":"wp","href":"https:\/\/api.w.org\/{rel}","templated":true}]}}