{"id":61437,"date":"2026-02-16T09:33:53","date_gmt":"2026-02-16T15:33:53","guid":{"rendered":"https:\/\/quepocamadre.com\/?p=61437"},"modified":"2026-02-16T09:33:53","modified_gmt":"2026-02-16T15:33:53","slug":"procesan-a-jorge-miguel-n-por-asesinato-contra-una-mujer-en-lerma","status":"publish","type":"post","link":"https:\/\/quepocamadre.com\/?p=61437","title":{"rendered":"Procesan a Jorge Miguel \u201cN\u201d por asesinato contra una mujer en Lerma"},"content":{"rendered":"<p>La FGJEM obtuvo un auto de vinculaci\u00f3n a proceso en contra de Jorge Miguel \u201cN\u201d. El sujeto es acusado de haber asesinado a una mujer en Lerma.<\/p>\n<p>La v\u00edctima se encontraba el pasado 23 de enero en la colonia Nueva Ameyalco, en Lerma, cuando aparentemente fue interceptada por este y otro sujeto, quienes la subieron a un veh\u00edculo en contra de su voluntad, para posteriormente privarla de la vida.<\/p>\n<p>La Fiscal\u00eda pudo identificar a estos individuos como los probables responsables del hecho, por lo que despu\u00e9s de su aprehensi\u00f3n se les puso a disposici\u00f3n de la autoridad en el Centro Penitenciario y de Readaptaci\u00f3n Social de la zona.<\/p>\n<p>Las pruebas ofrecidas permitieron vincular a proceso a Jorge Miguel \u201cN\u201d por ser presunto responsable del delito de homicidio.<\/p>\n<p>El pasado 31 de enero, el mismo juez determin\u00f3 vincular a proceso a Jos\u00e9 Carlos \u201cN\u201d por la misma raz\u00f3n. En ambos casos, el juez estableci\u00f3 medida cautelar de prisi\u00f3n preventiva justificada y un plazo de tres meses para el cierre de la investigaci\u00f3n.<\/p>\n","protected":false},"excerpt":{"rendered":"<p>La FGJEM obtuvo un auto de vinculaci\u00f3n a proceso en contra de Jorge Miguel \u201cN\u201d. El sujeto es acusado de haber asesinado a una mujer en Lerma. La v\u00edctima se encontraba el pasado 23 de enero en la colonia Nueva Ameyalco, en Lerma, cuando aparentemente fue interceptada por este y otro sujeto, quienes la subieron [&hellip;]<\/p>\n","protected":false},"author":1,"featured_media":61441,"comment_status":"open","ping_status":"open","sticky":false,"template":"","format":"standard","meta":{"footnotes":""},"categories":[102,108],"tags":[],"class_list":["post-61437","post","type-post","status-publish","format-standard","has-post-thumbnail","hentry","category-edomex","category-lerma"],"_links":{"self":[{"href":"https:\/\/quepocamadre.com\/index.php?rest_route=\/wp\/v2\/posts\/61437","targetHints":{"allow":["GET"]}}],"collection":[{"href":"https:\/\/quepocamadre.com\/index.php?rest_route=\/wp\/v2\/posts"}],"about":[{"href":"https:\/\/quepocamadre.com\/index.php?rest_route=\/wp\/v2\/types\/post"}],"author":[{"embeddable":true,"href":"https:\/\/quepocamadre.com\/index.php?rest_route=\/wp\/v2\/users\/1"}],"replies":[{"embeddable":true,"href":"https:\/\/quepocamadre.com\/index.php?rest_route=%2Fwp%2Fv2%2Fcomments&post=61437"}],"version-history":[{"count":1,"href":"https:\/\/quepocamadre.com\/index.php?rest_route=\/wp\/v2\/posts\/61437\/revisions"}],"predecessor-version":[{"id":61442,"href":"https:\/\/quepocamadre.com\/index.php?rest_route=\/wp\/v2\/posts\/61437\/revisions\/61442"}],"wp:featuredmedia":[{"embeddable":true,"href":"https:\/\/quepocamadre.com\/index.php?rest_route=\/wp\/v2\/media\/61441"}],"wp:attachment":[{"href":"https:\/\/quepocamadre.com\/index.php?rest_route=%2Fwp%2Fv2%2Fmedia&parent=61437"}],"wp:term":[{"taxonomy":"category","embeddable":true,"href":"https:\/\/quepocamadre.com\/index.php?rest_route=%2Fwp%2Fv2%2Fcategories&post=61437"},{"taxonomy":"post_tag","embeddable":true,"href":"https:\/\/quepocamadre.com\/index.php?rest_route=%2Fwp%2Fv2%2Ftags&post=61437"}],"curies":[{"name":"wp","href":"https:\/\/api.w.org\/{rel}","templated":true}]}}