{"id":61374,"date":"2026-02-13T08:00:58","date_gmt":"2026-02-13T14:00:58","guid":{"rendered":"https:\/\/quepocamadre.com\/?p=61374"},"modified":"2026-02-13T08:00:58","modified_gmt":"2026-02-13T14:00:58","slug":"operativo-armado-termina-con-tres-detenidos-en-ocozocoautla","status":"publish","type":"post","link":"https:\/\/quepocamadre.com\/?p=61374","title":{"rendered":"OPERATIVO ARMADO TERMINA CON TRES DETENIDOS EN OCOZOCOAUTLA"},"content":{"rendered":"<p>Un despliegue interinstitucional en la comunidad de Ocuilapa, en Ocozocoautla de Espinosa, dej\u00f3 como resultado tres personas detenidas y un fuerte aseguramiento de armamento y equipo t\u00e1ctico. El operativo se activ\u00f3 luego de que los ahora detenidos abrieran fuego contra elementos de seguridad en el tramo carretero Ocuilapa\u2013Apic Pac, lo que deriv\u00f3 en su persecuci\u00f3n y captura.<\/p>\n<p>Durante la acci\u00f3n fueron aseguradas tres armas largas, 26 cargadores, m\u00e1s de 800 cartuchos, chalecos bal\u00edsticos, veh\u00edculos y motocicletas. Los detenidos fueron puestos a disposici\u00f3n de las autoridades para definir su situaci\u00f3n jur\u00eddica, mientras las investigaciones contin\u00faan en Chiapas para esclarecer su presunta participaci\u00f3n en hechos delictivos en la regi\u00f3n.<\/p>\n","protected":false},"excerpt":{"rendered":"<p>Un despliegue interinstitucional en la comunidad de Ocuilapa, en Ocozocoautla de Espinosa, dej\u00f3 como resultado tres personas detenidas y un fuerte aseguramiento de armamento y equipo t\u00e1ctico. El operativo se activ\u00f3 luego de que los ahora detenidos abrieran fuego contra elementos de seguridad en el tramo carretero Ocuilapa\u2013Apic Pac, lo que deriv\u00f3 en su persecuci\u00f3n [&hellip;]<\/p>\n","protected":false},"author":1,"featured_media":61378,"comment_status":"open","ping_status":"open","sticky":false,"template":"","format":"standard","meta":{"footnotes":""},"categories":[159,124],"tags":[],"class_list":["post-61374","post","type-post","status-publish","format-standard","has-post-thumbnail","hentry","category-chiapas","category-nacional"],"_links":{"self":[{"href":"https:\/\/quepocamadre.com\/index.php?rest_route=\/wp\/v2\/posts\/61374","targetHints":{"allow":["GET"]}}],"collection":[{"href":"https:\/\/quepocamadre.com\/index.php?rest_route=\/wp\/v2\/posts"}],"about":[{"href":"https:\/\/quepocamadre.com\/index.php?rest_route=\/wp\/v2\/types\/post"}],"author":[{"embeddable":true,"href":"https:\/\/quepocamadre.com\/index.php?rest_route=\/wp\/v2\/users\/1"}],"replies":[{"embeddable":true,"href":"https:\/\/quepocamadre.com\/index.php?rest_route=%2Fwp%2Fv2%2Fcomments&post=61374"}],"version-history":[{"count":1,"href":"https:\/\/quepocamadre.com\/index.php?rest_route=\/wp\/v2\/posts\/61374\/revisions"}],"predecessor-version":[{"id":61379,"href":"https:\/\/quepocamadre.com\/index.php?rest_route=\/wp\/v2\/posts\/61374\/revisions\/61379"}],"wp:featuredmedia":[{"embeddable":true,"href":"https:\/\/quepocamadre.com\/index.php?rest_route=\/wp\/v2\/media\/61378"}],"wp:attachment":[{"href":"https:\/\/quepocamadre.com\/index.php?rest_route=%2Fwp%2Fv2%2Fmedia&parent=61374"}],"wp:term":[{"taxonomy":"category","embeddable":true,"href":"https:\/\/quepocamadre.com\/index.php?rest_route=%2Fwp%2Fv2%2Fcategories&post=61374"},{"taxonomy":"post_tag","embeddable":true,"href":"https:\/\/quepocamadre.com\/index.php?rest_route=%2Fwp%2Fv2%2Ftags&post=61374"}],"curies":[{"name":"wp","href":"https:\/\/api.w.org\/{rel}","templated":true}]}}