{"id":61303,"date":"2026-02-12T09:46:19","date_gmt":"2026-02-12T15:46:19","guid":{"rendered":"https:\/\/quepocamadre.com\/?p=61303"},"modified":"2026-02-12T09:46:19","modified_gmt":"2026-02-12T15:46:19","slug":"descarga-mortal-se-electrocuta-mientras-estaba-trabajando-en-una-azotea-en-torreon","status":"publish","type":"post","link":"https:\/\/quepocamadre.com\/?p=61303","title":{"rendered":"\u00a1DESCARGA MORTAL! SE ELECTROCUTA MIENTRAS ESTABA TRABAJANDO EN UNA AZOTEA EN TORRE\u00d3N"},"content":{"rendered":"<p>Un joven de nombre Christian Jair sufri\u00f3 una fuerte descarga el\u00e9ctrica mientras trabajaba en una azotea en Torre\u00f3n.<\/p>\n<p>Debido a la falta de equipo de seguridad, la descarga el\u00e9ctrica recorri\u00f3 su cuerpo hasta causarle lesiones en el pie izquierdo. \u00c9l se encontraba trabajando cuando accidentalmente toc\u00f3 con su brazo izquierdo un cable electrificado.<\/p>\n<p>La fuerza del impacto el\u00e9ctrico fue devastadora. Debido a que el joven no contaba con el equipo de seguridad y aislamiento necesario para realizar trabajos en altura o cerca de l\u00edneas de tensi\u00f3n, la corriente utiliz\u00f3 su cuerpo como conductor.<\/p>\n<p>El incidente no solo moviliz\u00f3 a los cuerpos de rescate, sino que deriv\u00f3 en el cierre administrativo del lugar por parte de las autoridades municipales.<\/p>\n<p>Una vez que los rescatistas lograron estabilizarlo en la azotea, procedieron con su descenso para trasladarlo de urgencia a un hospital de la localidad.<\/p>\n","protected":false},"excerpt":{"rendered":"<p>Un joven de nombre Christian Jair sufri\u00f3 una fuerte descarga el\u00e9ctrica mientras trabajaba en una azotea en Torre\u00f3n. Debido a la falta de equipo de seguridad, la descarga el\u00e9ctrica recorri\u00f3 su cuerpo hasta causarle lesiones en el pie izquierdo. \u00c9l se encontraba trabajando cuando accidentalmente toc\u00f3 con su brazo izquierdo un cable electrificado. La fuerza [&hellip;]<\/p>\n","protected":false},"author":1,"featured_media":61307,"comment_status":"open","ping_status":"open","sticky":false,"template":"","format":"standard","meta":{"footnotes":""},"categories":[167,124],"tags":[],"class_list":["post-61303","post","type-post","status-publish","format-standard","has-post-thumbnail","hentry","category-coahuila-nacional","category-nacional"],"_links":{"self":[{"href":"https:\/\/quepocamadre.com\/index.php?rest_route=\/wp\/v2\/posts\/61303","targetHints":{"allow":["GET"]}}],"collection":[{"href":"https:\/\/quepocamadre.com\/index.php?rest_route=\/wp\/v2\/posts"}],"about":[{"href":"https:\/\/quepocamadre.com\/index.php?rest_route=\/wp\/v2\/types\/post"}],"author":[{"embeddable":true,"href":"https:\/\/quepocamadre.com\/index.php?rest_route=\/wp\/v2\/users\/1"}],"replies":[{"embeddable":true,"href":"https:\/\/quepocamadre.com\/index.php?rest_route=%2Fwp%2Fv2%2Fcomments&post=61303"}],"version-history":[{"count":1,"href":"https:\/\/quepocamadre.com\/index.php?rest_route=\/wp\/v2\/posts\/61303\/revisions"}],"predecessor-version":[{"id":61308,"href":"https:\/\/quepocamadre.com\/index.php?rest_route=\/wp\/v2\/posts\/61303\/revisions\/61308"}],"wp:featuredmedia":[{"embeddable":true,"href":"https:\/\/quepocamadre.com\/index.php?rest_route=\/wp\/v2\/media\/61307"}],"wp:attachment":[{"href":"https:\/\/quepocamadre.com\/index.php?rest_route=%2Fwp%2Fv2%2Fmedia&parent=61303"}],"wp:term":[{"taxonomy":"category","embeddable":true,"href":"https:\/\/quepocamadre.com\/index.php?rest_route=%2Fwp%2Fv2%2Fcategories&post=61303"},{"taxonomy":"post_tag","embeddable":true,"href":"https:\/\/quepocamadre.com\/index.php?rest_route=%2Fwp%2Fv2%2Ftags&post=61303"}],"curies":[{"name":"wp","href":"https:\/\/api.w.org\/{rel}","templated":true}]}}