{"id":61180,"date":"2026-02-10T08:15:33","date_gmt":"2026-02-10T14:15:33","guid":{"rendered":"https:\/\/quepocamadre.com\/?p=61180"},"modified":"2026-02-10T08:15:33","modified_gmt":"2026-02-10T14:15:33","slug":"ataque-salvaje-deja-a-un-adolescente-al-borde-de-la-muerte-en-torreon","status":"publish","type":"post","link":"https:\/\/quepocamadre.com\/?p=61180","title":{"rendered":"ATAQUE SALVAJE DEJA A UN ADOLESCENTE AL BORDE DE LA MUERTE EN TORRE\u00d3N"},"content":{"rendered":"<p>Un joven de apenas 16 a\u00f1os lucha por su vida tras ser brutalmente agredido en calles de Torre\u00f3n, luego de que presuntos pandilleros lo atacaran mientras circulaba en su motocicleta. El hecho ocurri\u00f3 en el cruce de la calzada Moctezuma y la calle Cuitl\u00e1huac, donde una piedra lanzada directamente a su cabeza lo derrib\u00f3 de forma violenta sobre el pavimento.<\/p>\n<p>Testigos relataron que el menor comenz\u00f3 a convulsionar tras la ca\u00edda, lo que gener\u00f3 p\u00e1nico en la zona. Param\u00e9dicos del SAMU Coahuila lo trasladaron de urgencia a la cl\u00ednica 16 del IMSS, donde fue diagnosticado con fractura de cr\u00e1neo y permanece intubado en estado grave. El ataque ha causado indignaci\u00f3n y vuelve a poner bajo la lupa la violencia juvenil en Coahuila.<\/p>\n","protected":false},"excerpt":{"rendered":"<p>Un joven de apenas 16 a\u00f1os lucha por su vida tras ser brutalmente agredido en calles de Torre\u00f3n, luego de que presuntos pandilleros lo atacaran mientras circulaba en su motocicleta. El hecho ocurri\u00f3 en el cruce de la calzada Moctezuma y la calle Cuitl\u00e1huac, donde una piedra lanzada directamente a su cabeza lo derrib\u00f3 de [&hellip;]<\/p>\n","protected":false},"author":1,"featured_media":61184,"comment_status":"open","ping_status":"open","sticky":false,"template":"","format":"standard","meta":{"footnotes":""},"categories":[167,124],"tags":[],"class_list":["post-61180","post","type-post","status-publish","format-standard","has-post-thumbnail","hentry","category-coahuila-nacional","category-nacional"],"_links":{"self":[{"href":"https:\/\/quepocamadre.com\/index.php?rest_route=\/wp\/v2\/posts\/61180","targetHints":{"allow":["GET"]}}],"collection":[{"href":"https:\/\/quepocamadre.com\/index.php?rest_route=\/wp\/v2\/posts"}],"about":[{"href":"https:\/\/quepocamadre.com\/index.php?rest_route=\/wp\/v2\/types\/post"}],"author":[{"embeddable":true,"href":"https:\/\/quepocamadre.com\/index.php?rest_route=\/wp\/v2\/users\/1"}],"replies":[{"embeddable":true,"href":"https:\/\/quepocamadre.com\/index.php?rest_route=%2Fwp%2Fv2%2Fcomments&post=61180"}],"version-history":[{"count":1,"href":"https:\/\/quepocamadre.com\/index.php?rest_route=\/wp\/v2\/posts\/61180\/revisions"}],"predecessor-version":[{"id":61185,"href":"https:\/\/quepocamadre.com\/index.php?rest_route=\/wp\/v2\/posts\/61180\/revisions\/61185"}],"wp:featuredmedia":[{"embeddable":true,"href":"https:\/\/quepocamadre.com\/index.php?rest_route=\/wp\/v2\/media\/61184"}],"wp:attachment":[{"href":"https:\/\/quepocamadre.com\/index.php?rest_route=%2Fwp%2Fv2%2Fmedia&parent=61180"}],"wp:term":[{"taxonomy":"category","embeddable":true,"href":"https:\/\/quepocamadre.com\/index.php?rest_route=%2Fwp%2Fv2%2Fcategories&post=61180"},{"taxonomy":"post_tag","embeddable":true,"href":"https:\/\/quepocamadre.com\/index.php?rest_route=%2Fwp%2Fv2%2Ftags&post=61180"}],"curies":[{"name":"wp","href":"https:\/\/api.w.org\/{rel}","templated":true}]}}