{"id":61174,"date":"2026-02-10T08:14:14","date_gmt":"2026-02-10T14:14:14","guid":{"rendered":"https:\/\/quepocamadre.com\/?p=61174"},"modified":"2026-02-10T08:14:14","modified_gmt":"2026-02-10T14:14:14","slug":"quedo-en-un-charco-de-sangre-2","status":"publish","type":"post","link":"https:\/\/quepocamadre.com\/?p=61174","title":{"rendered":"\u00a1QUED\u00d3 EN UN CHARCO DE SANGRE!"},"content":{"rendered":"<p>Un motociclista muri\u00f3 de manera tr\u00e1gica la ma\u00f1ana de este jueves tras invadir el carril confinado del Mexib\u00fas y sufrir un violento accidente sobre Avenida Central, en el cruce con avenida M\u00e9xico, frente a un Soriana en Ecatepec. El joven, de entre 30 y 35 a\u00f1os, derrap\u00f3 de forma aparatosa y sali\u00f3 proyectado contra el camell\u00f3n, quedando tendido sobre el asfalto.<\/p>\n<p>Param\u00e9dicos arribaron al lugar, pero \u00fanicamente confirmaron que ya no contaba con signos vitales debido a la gravedad de las lesiones. La zona fue acordonada mientras se realizaban las diligencias periciales, lo que provoc\u00f3 severas afectaciones viales en una de las avenidas m\u00e1s transitadas del municipio.<\/p>\n","protected":false},"excerpt":{"rendered":"<p>Un motociclista muri\u00f3 de manera tr\u00e1gica la ma\u00f1ana de este jueves tras invadir el carril confinado del Mexib\u00fas y sufrir un violento accidente sobre Avenida Central, en el cruce con avenida M\u00e9xico, frente a un Soriana en Ecatepec. El joven, de entre 30 y 35 a\u00f1os, derrap\u00f3 de forma aparatosa y sali\u00f3 proyectado contra el [&hellip;]<\/p>\n","protected":false},"author":1,"featured_media":61178,"comment_status":"open","ping_status":"open","sticky":false,"template":"","format":"standard","meta":{"footnotes":""},"categories":[235,102],"tags":[],"class_list":["post-61174","post","type-post","status-publish","format-standard","has-post-thumbnail","hentry","category-ecatepec","category-edomex"],"_links":{"self":[{"href":"https:\/\/quepocamadre.com\/index.php?rest_route=\/wp\/v2\/posts\/61174","targetHints":{"allow":["GET"]}}],"collection":[{"href":"https:\/\/quepocamadre.com\/index.php?rest_route=\/wp\/v2\/posts"}],"about":[{"href":"https:\/\/quepocamadre.com\/index.php?rest_route=\/wp\/v2\/types\/post"}],"author":[{"embeddable":true,"href":"https:\/\/quepocamadre.com\/index.php?rest_route=\/wp\/v2\/users\/1"}],"replies":[{"embeddable":true,"href":"https:\/\/quepocamadre.com\/index.php?rest_route=%2Fwp%2Fv2%2Fcomments&post=61174"}],"version-history":[{"count":1,"href":"https:\/\/quepocamadre.com\/index.php?rest_route=\/wp\/v2\/posts\/61174\/revisions"}],"predecessor-version":[{"id":61179,"href":"https:\/\/quepocamadre.com\/index.php?rest_route=\/wp\/v2\/posts\/61174\/revisions\/61179"}],"wp:featuredmedia":[{"embeddable":true,"href":"https:\/\/quepocamadre.com\/index.php?rest_route=\/wp\/v2\/media\/61178"}],"wp:attachment":[{"href":"https:\/\/quepocamadre.com\/index.php?rest_route=%2Fwp%2Fv2%2Fmedia&parent=61174"}],"wp:term":[{"taxonomy":"category","embeddable":true,"href":"https:\/\/quepocamadre.com\/index.php?rest_route=%2Fwp%2Fv2%2Fcategories&post=61174"},{"taxonomy":"post_tag","embeddable":true,"href":"https:\/\/quepocamadre.com\/index.php?rest_route=%2Fwp%2Fv2%2Ftags&post=61174"}],"curies":[{"name":"wp","href":"https:\/\/api.w.org\/{rel}","templated":true}]}}