{"id":60941,"date":"2026-02-04T07:46:28","date_gmt":"2026-02-04T13:46:28","guid":{"rendered":"https:\/\/quepocamadre.com\/?p=60941"},"modified":"2026-02-04T07:46:28","modified_gmt":"2026-02-04T13:46:28","slug":"camion-de-la-gn-nacional-se-pasa-el-rojo-y-mata-a-dos-en-ecatepec","status":"publish","type":"post","link":"https:\/\/quepocamadre.com\/?p=60941","title":{"rendered":"CAMI\u00d3N DE LA GN NACIONAL SE PASA EL ROJO Y MATA A DOS EN ECATEPEC"},"content":{"rendered":"<p>Un cami\u00f3n de la Guardia Nacional protagoniz\u00f3 un fatal accidente sobre la avenida L\u00f3pez Portillo, en Ecatepec, luego de ignorar un sem\u00e1foro en rojo y arrollar una motocicleta. El impacto dej\u00f3 como saldo un joven muerto y una mujer gravemente herida, generando indignaci\u00f3n entre automovilistas y vecinos de la zona.<\/p>\n<p>Aunque en un inicio se intent\u00f3 se\u00f1alar una maniobra indebida de la motocicleta, un video captado por otro conductor exhibe la secuencia real: la unidad oficial circulaba por el carril confinado del Mexib\u00fas, se pas\u00f3 el alto y embisti\u00f3 a la moto cuando intentaba cruzar. El civil fue aplastado por las llantas traseras y muri\u00f3 en el sitio. Ahora, la Fiscal\u00eda General de Justicia del Estado de M\u00e9xico deber\u00e1 esclarecer responsabilidades en un caso que vuelve a poner bajo la lupa el actuar de las fuerzas federales.<\/p>\n","protected":false},"excerpt":{"rendered":"<p>Un cami\u00f3n de la Guardia Nacional protagoniz\u00f3 un fatal accidente sobre la avenida L\u00f3pez Portillo, en Ecatepec, luego de ignorar un sem\u00e1foro en rojo y arrollar una motocicleta. El impacto dej\u00f3 como saldo un joven muerto y una mujer gravemente herida, generando indignaci\u00f3n entre automovilistas y vecinos de la zona. Aunque en un inicio se [&hellip;]<\/p>\n","protected":false},"author":1,"featured_media":60945,"comment_status":"open","ping_status":"open","sticky":false,"template":"","format":"standard","meta":{"footnotes":""},"categories":[235,102],"tags":[],"class_list":["post-60941","post","type-post","status-publish","format-standard","has-post-thumbnail","hentry","category-ecatepec","category-edomex"],"_links":{"self":[{"href":"https:\/\/quepocamadre.com\/index.php?rest_route=\/wp\/v2\/posts\/60941","targetHints":{"allow":["GET"]}}],"collection":[{"href":"https:\/\/quepocamadre.com\/index.php?rest_route=\/wp\/v2\/posts"}],"about":[{"href":"https:\/\/quepocamadre.com\/index.php?rest_route=\/wp\/v2\/types\/post"}],"author":[{"embeddable":true,"href":"https:\/\/quepocamadre.com\/index.php?rest_route=\/wp\/v2\/users\/1"}],"replies":[{"embeddable":true,"href":"https:\/\/quepocamadre.com\/index.php?rest_route=%2Fwp%2Fv2%2Fcomments&post=60941"}],"version-history":[{"count":1,"href":"https:\/\/quepocamadre.com\/index.php?rest_route=\/wp\/v2\/posts\/60941\/revisions"}],"predecessor-version":[{"id":60946,"href":"https:\/\/quepocamadre.com\/index.php?rest_route=\/wp\/v2\/posts\/60941\/revisions\/60946"}],"wp:featuredmedia":[{"embeddable":true,"href":"https:\/\/quepocamadre.com\/index.php?rest_route=\/wp\/v2\/media\/60945"}],"wp:attachment":[{"href":"https:\/\/quepocamadre.com\/index.php?rest_route=%2Fwp%2Fv2%2Fmedia&parent=60941"}],"wp:term":[{"taxonomy":"category","embeddable":true,"href":"https:\/\/quepocamadre.com\/index.php?rest_route=%2Fwp%2Fv2%2Fcategories&post=60941"},{"taxonomy":"post_tag","embeddable":true,"href":"https:\/\/quepocamadre.com\/index.php?rest_route=%2Fwp%2Fv2%2Ftags&post=60941"}],"curies":[{"name":"wp","href":"https:\/\/api.w.org\/{rel}","templated":true}]}}