{"id":60892,"date":"2026-02-03T08:00:04","date_gmt":"2026-02-03T14:00:04","guid":{"rendered":"https:\/\/quepocamadre.com\/?p=60892"},"modified":"2026-02-03T08:00:04","modified_gmt":"2026-02-03T14:00:04","slug":"nueva-explosion-una-persona-perdio-la-vida-al-explotar-taller-en-tultepec","status":"publish","type":"post","link":"https:\/\/quepocamadre.com\/?p=60892","title":{"rendered":"\u00a1NUEVA EXPLOSI\u00d3N! UNA PERSONA PERDI\u00d3 LA VIDA AL EXPLOTAR TALLER EN TULTEPEC"},"content":{"rendered":"<p>Una explosi\u00f3n relacionada con pirotecnia cobr\u00f3 la vida de una persona en el municipio de Tultepec, Estado de M\u00e9xico. En la zona del siniestro se desplegaron cuerpos de emergencia locales.<\/p>\n<p>La zona fue acordonada y, de acuerdo con el comunicado oficial, no representaba riesgo activo para la poblaci\u00f3n en ese momento.<\/p>\n<p>Autoridades no revelaron datos sobre la identidad o caracter\u00edsticas de la persona fallecida, cuya muerte fue reportada en el primer y \u00fanico informe oficial difundido.<\/p>\n","protected":false},"excerpt":{"rendered":"<p>Una explosi\u00f3n relacionada con pirotecnia cobr\u00f3 la vida de una persona en el municipio de Tultepec, Estado de M\u00e9xico. En la zona del siniestro se desplegaron cuerpos de emergencia locales. La zona fue acordonada y, de acuerdo con el comunicado oficial, no representaba riesgo activo para la poblaci\u00f3n en ese momento. Autoridades no revelaron datos [&hellip;]<\/p>\n","protected":false},"author":1,"featured_media":60896,"comment_status":"open","ping_status":"open","sticky":false,"template":"","format":"standard","meta":{"footnotes":""},"categories":[102,252],"tags":[],"class_list":["post-60892","post","type-post","status-publish","format-standard","has-post-thumbnail","hentry","category-edomex","category-tultepec"],"_links":{"self":[{"href":"https:\/\/quepocamadre.com\/index.php?rest_route=\/wp\/v2\/posts\/60892","targetHints":{"allow":["GET"]}}],"collection":[{"href":"https:\/\/quepocamadre.com\/index.php?rest_route=\/wp\/v2\/posts"}],"about":[{"href":"https:\/\/quepocamadre.com\/index.php?rest_route=\/wp\/v2\/types\/post"}],"author":[{"embeddable":true,"href":"https:\/\/quepocamadre.com\/index.php?rest_route=\/wp\/v2\/users\/1"}],"replies":[{"embeddable":true,"href":"https:\/\/quepocamadre.com\/index.php?rest_route=%2Fwp%2Fv2%2Fcomments&post=60892"}],"version-history":[{"count":1,"href":"https:\/\/quepocamadre.com\/index.php?rest_route=\/wp\/v2\/posts\/60892\/revisions"}],"predecessor-version":[{"id":60897,"href":"https:\/\/quepocamadre.com\/index.php?rest_route=\/wp\/v2\/posts\/60892\/revisions\/60897"}],"wp:featuredmedia":[{"embeddable":true,"href":"https:\/\/quepocamadre.com\/index.php?rest_route=\/wp\/v2\/media\/60896"}],"wp:attachment":[{"href":"https:\/\/quepocamadre.com\/index.php?rest_route=%2Fwp%2Fv2%2Fmedia&parent=60892"}],"wp:term":[{"taxonomy":"category","embeddable":true,"href":"https:\/\/quepocamadre.com\/index.php?rest_route=%2Fwp%2Fv2%2Fcategories&post=60892"},{"taxonomy":"post_tag","embeddable":true,"href":"https:\/\/quepocamadre.com\/index.php?rest_route=%2Fwp%2Fv2%2Ftags&post=60892"}],"curies":[{"name":"wp","href":"https:\/\/api.w.org\/{rel}","templated":true}]}}