{"id":60875,"date":"2026-02-03T07:57:04","date_gmt":"2026-02-03T13:57:04","guid":{"rendered":"https:\/\/quepocamadre.com\/?p=60875"},"modified":"2026-02-03T07:57:04","modified_gmt":"2026-02-03T13:57:04","slug":"se-descarrilla-tren-de-carga-pierde-el-control-en-chihuahua","status":"publish","type":"post","link":"https:\/\/quepocamadre.com\/?p=60875","title":{"rendered":"\u00a1SE DESCARRILLA! TREN DE CARGA PIERDE EL CONTROL EN CHIHUAHUA"},"content":{"rendered":"<p>Un tren que presuntamente transportaba grano se descarril\u00f3 en el tramo ferroviario entre Jim\u00e9nez y Escal\u00f3n, generando movilizaci\u00f3n de autoridades, sin reportar personas lesionadas ni afectaciones mayores.<\/p>\n<p>Pese a la magnitud visual del descarrilamiento, no se ha solicitado apoyo; el tren permanece detenido sobre las v\u00edas en el punto mencionado, confirmando el descarrilamiento sin que hasta el momento se tenga conocimiento de derrames, incendios o riesgos inmediatos para la poblaci\u00f3n cercana.<\/p>\n<p>Hasta ahora, no se ha establecido la causa del descarrilamiento, por lo que no se descarta que factores mec\u00e1nicos o condiciones de la v\u00eda hayan influido en el incidente.<\/p>\n","protected":false},"excerpt":{"rendered":"<p>Un tren que presuntamente transportaba grano se descarril\u00f3 en el tramo ferroviario entre Jim\u00e9nez y Escal\u00f3n, generando movilizaci\u00f3n de autoridades, sin reportar personas lesionadas ni afectaciones mayores. Pese a la magnitud visual del descarrilamiento, no se ha solicitado apoyo; el tren permanece detenido sobre las v\u00edas en el punto mencionado, confirmando el descarrilamiento sin que [&hellip;]<\/p>\n","protected":false},"author":1,"featured_media":60877,"comment_status":"open","ping_status":"open","sticky":false,"template":"","format":"standard","meta":{"footnotes":""},"categories":[166,124],"tags":[],"class_list":["post-60875","post","type-post","status-publish","format-standard","has-post-thumbnail","hentry","category-chihuahua","category-nacional"],"_links":{"self":[{"href":"https:\/\/quepocamadre.com\/index.php?rest_route=\/wp\/v2\/posts\/60875","targetHints":{"allow":["GET"]}}],"collection":[{"href":"https:\/\/quepocamadre.com\/index.php?rest_route=\/wp\/v2\/posts"}],"about":[{"href":"https:\/\/quepocamadre.com\/index.php?rest_route=\/wp\/v2\/types\/post"}],"author":[{"embeddable":true,"href":"https:\/\/quepocamadre.com\/index.php?rest_route=\/wp\/v2\/users\/1"}],"replies":[{"embeddable":true,"href":"https:\/\/quepocamadre.com\/index.php?rest_route=%2Fwp%2Fv2%2Fcomments&post=60875"}],"version-history":[{"count":1,"href":"https:\/\/quepocamadre.com\/index.php?rest_route=\/wp\/v2\/posts\/60875\/revisions"}],"predecessor-version":[{"id":60878,"href":"https:\/\/quepocamadre.com\/index.php?rest_route=\/wp\/v2\/posts\/60875\/revisions\/60878"}],"wp:featuredmedia":[{"embeddable":true,"href":"https:\/\/quepocamadre.com\/index.php?rest_route=\/wp\/v2\/media\/60877"}],"wp:attachment":[{"href":"https:\/\/quepocamadre.com\/index.php?rest_route=%2Fwp%2Fv2%2Fmedia&parent=60875"}],"wp:term":[{"taxonomy":"category","embeddable":true,"href":"https:\/\/quepocamadre.com\/index.php?rest_route=%2Fwp%2Fv2%2Fcategories&post=60875"},{"taxonomy":"post_tag","embeddable":true,"href":"https:\/\/quepocamadre.com\/index.php?rest_route=%2Fwp%2Fv2%2Ftags&post=60875"}],"curies":[{"name":"wp","href":"https:\/\/api.w.org\/{rel}","templated":true}]}}