{"id":60836,"date":"2026-01-30T08:37:04","date_gmt":"2026-01-30T14:37:04","guid":{"rendered":"https:\/\/quepocamadre.com\/?p=60836"},"modified":"2026-01-30T08:37:04","modified_gmt":"2026-01-30T14:37:04","slug":"lo-amarra-a-un-arbol-madre-golpea-a-su-hijo-frente-a-sus-vecinos-en-slp","status":"publish","type":"post","link":"https:\/\/quepocamadre.com\/?p=60836","title":{"rendered":"\u00a1LO AMARRA A UN \u00c1RBOL! MADRE GOLPEA A SU HIJO FRENTE A SUS VECINOS EN SLP"},"content":{"rendered":"<p>Una madre de 27 a\u00f1os fue detenida por maltrato infantil, luego de que la captaron golpeando a su hijo en un fraccionamiento de Olinda, en el municipio de Villa de Pozo.<\/p>\n<p>Vecinos revelaron a las autoridades que la madre amarr\u00f3 a su hijo para propinarle una golpiza. Ellos mismos llamaron al 911 para dar a conocer este caso de maltrato. Claudia &#8220;N&#8221;, quien fue identificada como la mam\u00e1, confes\u00f3 las agresiones ante los polic\u00edas y asegur\u00f3 que su hijo no le hac\u00eda caso. Al detenerla, se encontraba en compa\u00f1\u00eda de sus cuatro hijos, de 13, 11, 6 y 1 a\u00f1os de edad, quienes fueron trasladados para recibir atenci\u00f3n m\u00e9dica y comida.<\/p>\n<p>Los menores de edad fueron puestos a disposici\u00f3n de la Procuradur\u00eda de Protecci\u00f3n a Ni\u00f1as, Ni\u00f1os y Adolescentes, donde se les canalizar\u00e1 con familiares que cumplan con los requisitos para brindarles atenci\u00f3n integral y apoyo emocional.<\/p>\n","protected":false},"excerpt":{"rendered":"<p>Una madre de 27 a\u00f1os fue detenida por maltrato infantil, luego de que la captaron golpeando a su hijo en un fraccionamiento de Olinda, en el municipio de Villa de Pozo. Vecinos revelaron a las autoridades que la madre amarr\u00f3 a su hijo para propinarle una golpiza. Ellos mismos llamaron al 911 para dar a [&hellip;]<\/p>\n","protected":false},"author":1,"featured_media":60840,"comment_status":"open","ping_status":"open","sticky":false,"template":"","format":"standard","meta":{"footnotes":""},"categories":[124,143],"tags":[],"class_list":["post-60836","post","type-post","status-publish","format-standard","has-post-thumbnail","hentry","category-nacional","category-san-luis-potosi-nacional"],"_links":{"self":[{"href":"https:\/\/quepocamadre.com\/index.php?rest_route=\/wp\/v2\/posts\/60836","targetHints":{"allow":["GET"]}}],"collection":[{"href":"https:\/\/quepocamadre.com\/index.php?rest_route=\/wp\/v2\/posts"}],"about":[{"href":"https:\/\/quepocamadre.com\/index.php?rest_route=\/wp\/v2\/types\/post"}],"author":[{"embeddable":true,"href":"https:\/\/quepocamadre.com\/index.php?rest_route=\/wp\/v2\/users\/1"}],"replies":[{"embeddable":true,"href":"https:\/\/quepocamadre.com\/index.php?rest_route=%2Fwp%2Fv2%2Fcomments&post=60836"}],"version-history":[{"count":1,"href":"https:\/\/quepocamadre.com\/index.php?rest_route=\/wp\/v2\/posts\/60836\/revisions"}],"predecessor-version":[{"id":60841,"href":"https:\/\/quepocamadre.com\/index.php?rest_route=\/wp\/v2\/posts\/60836\/revisions\/60841"}],"wp:featuredmedia":[{"embeddable":true,"href":"https:\/\/quepocamadre.com\/index.php?rest_route=\/wp\/v2\/media\/60840"}],"wp:attachment":[{"href":"https:\/\/quepocamadre.com\/index.php?rest_route=%2Fwp%2Fv2%2Fmedia&parent=60836"}],"wp:term":[{"taxonomy":"category","embeddable":true,"href":"https:\/\/quepocamadre.com\/index.php?rest_route=%2Fwp%2Fv2%2Fcategories&post=60836"},{"taxonomy":"post_tag","embeddable":true,"href":"https:\/\/quepocamadre.com\/index.php?rest_route=%2Fwp%2Fv2%2Ftags&post=60836"}],"curies":[{"name":"wp","href":"https:\/\/api.w.org\/{rel}","templated":true}]}}