{"id":60819,"date":"2026-01-30T08:34:07","date_gmt":"2026-01-30T14:34:07","guid":{"rendered":"https:\/\/quepocamadre.com\/?p=60819"},"modified":"2026-01-30T08:34:07","modified_gmt":"2026-01-30T14:34:07","slug":"de-nueva-cuenta-otro-biker","status":"publish","type":"post","link":"https:\/\/quepocamadre.com\/?p=60819","title":{"rendered":"\u00a1DE NUEVA CUENTA OTRO BIKER!"},"content":{"rendered":"<p>Un biker perdi\u00f3 la vida de forma brutal tras ser arrollado en una vialidad del estado de Colima. El impacto fue devastador y dej\u00f3 al motociclista tendido sobre el asfalto, sin que pudiera recibir auxilio alguno, generando conmoci\u00f3n entre automovilistas que presenciaron la escena.<\/p>\n<p>Param\u00e9dicos que acudieron al lugar solo confirmaron el fallecimiento debido a la gravedad de las lesiones. Autoridades acordonaron la zona e iniciaron las diligencias correspondientes para esclarecer c\u00f3mo ocurri\u00f3 este fatal accidente y deslindar responsabilidades.<\/p>\n","protected":false},"excerpt":{"rendered":"<p>Un biker perdi\u00f3 la vida de forma brutal tras ser arrollado en una vialidad del estado de Colima. El impacto fue devastador y dej\u00f3 al motociclista tendido sobre el asfalto, sin que pudiera recibir auxilio alguno, generando conmoci\u00f3n entre automovilistas que presenciaron la escena. Param\u00e9dicos que acudieron al lugar solo confirmaron el fallecimiento debido a [&hellip;]<\/p>\n","protected":false},"author":1,"featured_media":60823,"comment_status":"open","ping_status":"open","sticky":false,"template":"","format":"standard","meta":{"footnotes":""},"categories":[182,124],"tags":[],"class_list":["post-60819","post","type-post","status-publish","format-standard","has-post-thumbnail","hentry","category-colima","category-nacional"],"_links":{"self":[{"href":"https:\/\/quepocamadre.com\/index.php?rest_route=\/wp\/v2\/posts\/60819","targetHints":{"allow":["GET"]}}],"collection":[{"href":"https:\/\/quepocamadre.com\/index.php?rest_route=\/wp\/v2\/posts"}],"about":[{"href":"https:\/\/quepocamadre.com\/index.php?rest_route=\/wp\/v2\/types\/post"}],"author":[{"embeddable":true,"href":"https:\/\/quepocamadre.com\/index.php?rest_route=\/wp\/v2\/users\/1"}],"replies":[{"embeddable":true,"href":"https:\/\/quepocamadre.com\/index.php?rest_route=%2Fwp%2Fv2%2Fcomments&post=60819"}],"version-history":[{"count":1,"href":"https:\/\/quepocamadre.com\/index.php?rest_route=\/wp\/v2\/posts\/60819\/revisions"}],"predecessor-version":[{"id":60824,"href":"https:\/\/quepocamadre.com\/index.php?rest_route=\/wp\/v2\/posts\/60819\/revisions\/60824"}],"wp:featuredmedia":[{"embeddable":true,"href":"https:\/\/quepocamadre.com\/index.php?rest_route=\/wp\/v2\/media\/60823"}],"wp:attachment":[{"href":"https:\/\/quepocamadre.com\/index.php?rest_route=%2Fwp%2Fv2%2Fmedia&parent=60819"}],"wp:term":[{"taxonomy":"category","embeddable":true,"href":"https:\/\/quepocamadre.com\/index.php?rest_route=%2Fwp%2Fv2%2Fcategories&post=60819"},{"taxonomy":"post_tag","embeddable":true,"href":"https:\/\/quepocamadre.com\/index.php?rest_route=%2Fwp%2Fv2%2Ftags&post=60819"}],"curies":[{"name":"wp","href":"https:\/\/api.w.org\/{rel}","templated":true}]}}