{"id":60663,"date":"2026-01-27T08:11:49","date_gmt":"2026-01-27T14:11:49","guid":{"rendered":"https:\/\/quepocamadre.com\/?p=60663"},"modified":"2026-01-27T08:11:49","modified_gmt":"2026-01-27T14:11:49","slug":"fuerte-choque-frontal-deja-dos-muertos-en-saltillo","status":"publish","type":"post","link":"https:\/\/quepocamadre.com\/?p=60663","title":{"rendered":"FUERTE CHOQUE FRONTAL DEJA DOS MUERTOS EN SALTILLO"},"content":{"rendered":"<p>Dos hombres murieron de manera instant\u00e1nea tras un violento choque frontal registrado en el kil\u00f3metro 3 del Libramiento Norponiente, en el municipio de Saltillo. El accidente ocurri\u00f3 cuando un Volkswagen Jetta, con placas de Coahuila, que circulaba con direcci\u00f3n a Monterrey, invadi\u00f3 el carril contrario e impact\u00f3 de frente contra un tr\u00e1iler que se dirig\u00eda hacia Zacatecas.<\/p>\n<p>La fuerza del impacto proyect\u00f3 a ambas unidades fuera del pavimento, quedando sobre la terracer\u00eda. El conductor y el copiloto del autom\u00f3vil quedaron prensados entre los restos del veh\u00edculo y fallecieron en el lugar. El operador del tr\u00e1iler result\u00f3 lesionado y fue trasladado a un hospital privado de Saltillo. Elementos de bomberos de la Estaci\u00f3n Derramadero realizaron labores de rescate, mientras que la Fiscal\u00eda General del Estado efectu\u00f3 las diligencias correspondientes.<\/p>\n","protected":false},"excerpt":{"rendered":"<p>Dos hombres murieron de manera instant\u00e1nea tras un violento choque frontal registrado en el kil\u00f3metro 3 del Libramiento Norponiente, en el municipio de Saltillo. El accidente ocurri\u00f3 cuando un Volkswagen Jetta, con placas de Coahuila, que circulaba con direcci\u00f3n a Monterrey, invadi\u00f3 el carril contrario e impact\u00f3 de frente contra un tr\u00e1iler que se dirig\u00eda [&hellip;]<\/p>\n","protected":false},"author":1,"featured_media":60667,"comment_status":"open","ping_status":"open","sticky":false,"template":"","format":"standard","meta":{"footnotes":""},"categories":[167,124],"tags":[],"class_list":["post-60663","post","type-post","status-publish","format-standard","has-post-thumbnail","hentry","category-coahuila-nacional","category-nacional"],"_links":{"self":[{"href":"https:\/\/quepocamadre.com\/index.php?rest_route=\/wp\/v2\/posts\/60663","targetHints":{"allow":["GET"]}}],"collection":[{"href":"https:\/\/quepocamadre.com\/index.php?rest_route=\/wp\/v2\/posts"}],"about":[{"href":"https:\/\/quepocamadre.com\/index.php?rest_route=\/wp\/v2\/types\/post"}],"author":[{"embeddable":true,"href":"https:\/\/quepocamadre.com\/index.php?rest_route=\/wp\/v2\/users\/1"}],"replies":[{"embeddable":true,"href":"https:\/\/quepocamadre.com\/index.php?rest_route=%2Fwp%2Fv2%2Fcomments&post=60663"}],"version-history":[{"count":1,"href":"https:\/\/quepocamadre.com\/index.php?rest_route=\/wp\/v2\/posts\/60663\/revisions"}],"predecessor-version":[{"id":60668,"href":"https:\/\/quepocamadre.com\/index.php?rest_route=\/wp\/v2\/posts\/60663\/revisions\/60668"}],"wp:featuredmedia":[{"embeddable":true,"href":"https:\/\/quepocamadre.com\/index.php?rest_route=\/wp\/v2\/media\/60667"}],"wp:attachment":[{"href":"https:\/\/quepocamadre.com\/index.php?rest_route=%2Fwp%2Fv2%2Fmedia&parent=60663"}],"wp:term":[{"taxonomy":"category","embeddable":true,"href":"https:\/\/quepocamadre.com\/index.php?rest_route=%2Fwp%2Fv2%2Fcategories&post=60663"},{"taxonomy":"post_tag","embeddable":true,"href":"https:\/\/quepocamadre.com\/index.php?rest_route=%2Fwp%2Fv2%2Ftags&post=60663"}],"curies":[{"name":"wp","href":"https:\/\/api.w.org\/{rel}","templated":true}]}}