{"id":60478,"date":"2026-01-22T07:18:01","date_gmt":"2026-01-22T13:18:01","guid":{"rendered":"https:\/\/quepocamadre.com\/?p=60478"},"modified":"2026-01-22T07:18:01","modified_gmt":"2026-01-22T13:18:01","slug":"andaba-pasado-de-copas-taxi-atropella-a-abuelito-al-cruzar-la-calle-en-torreon","status":"publish","type":"post","link":"https:\/\/quepocamadre.com\/?p=60478","title":{"rendered":"\u00a1ANDABA PASADO DE COPAS! TAXI ATROPELLA A ABUELITO AL CRUZAR LA CALLE EN TORRE\u00d3N"},"content":{"rendered":"<p>Un hombre de 64 a\u00f1os result\u00f3 con lesiones de gravedad tras ser arrollado por un taxi la noche de este martes en el primer cuadro de la ciudad de Torre\u00f3n. Cuerpos de emergencia se movilizaron para atender al lesionado que quedo inconsciente sobre el pavimento.<\/p>\n<p>El lesionado, identificado como Fernando Torres, intentaba cruzar la calzada cuando fue impactado por una unidad de transporte p\u00fablico.<\/p>\n<p>Param\u00e9dicos de la Cruz Roja arribaron al lugar para brindar los primeros auxilios. Debido a que el hombre se encontraba en presunto estado de ebriedad y ante la seriedad del golpe en la cabeza, fue trasladado de urgencia al Hospital General de Torre\u00f3n para recibir atenci\u00f3n m\u00e9dica especializada.<\/p>\n","protected":false},"excerpt":{"rendered":"<p>Un hombre de 64 a\u00f1os result\u00f3 con lesiones de gravedad tras ser arrollado por un taxi la noche de este martes en el primer cuadro de la ciudad de Torre\u00f3n. Cuerpos de emergencia se movilizaron para atender al lesionado que quedo inconsciente sobre el pavimento. El lesionado, identificado como Fernando Torres, intentaba cruzar la calzada [&hellip;]<\/p>\n","protected":false},"author":1,"featured_media":60482,"comment_status":"open","ping_status":"open","sticky":false,"template":"","format":"standard","meta":{"footnotes":""},"categories":[167,124],"tags":[],"class_list":["post-60478","post","type-post","status-publish","format-standard","has-post-thumbnail","hentry","category-coahuila-nacional","category-nacional"],"_links":{"self":[{"href":"https:\/\/quepocamadre.com\/index.php?rest_route=\/wp\/v2\/posts\/60478","targetHints":{"allow":["GET"]}}],"collection":[{"href":"https:\/\/quepocamadre.com\/index.php?rest_route=\/wp\/v2\/posts"}],"about":[{"href":"https:\/\/quepocamadre.com\/index.php?rest_route=\/wp\/v2\/types\/post"}],"author":[{"embeddable":true,"href":"https:\/\/quepocamadre.com\/index.php?rest_route=\/wp\/v2\/users\/1"}],"replies":[{"embeddable":true,"href":"https:\/\/quepocamadre.com\/index.php?rest_route=%2Fwp%2Fv2%2Fcomments&post=60478"}],"version-history":[{"count":1,"href":"https:\/\/quepocamadre.com\/index.php?rest_route=\/wp\/v2\/posts\/60478\/revisions"}],"predecessor-version":[{"id":60483,"href":"https:\/\/quepocamadre.com\/index.php?rest_route=\/wp\/v2\/posts\/60478\/revisions\/60483"}],"wp:featuredmedia":[{"embeddable":true,"href":"https:\/\/quepocamadre.com\/index.php?rest_route=\/wp\/v2\/media\/60482"}],"wp:attachment":[{"href":"https:\/\/quepocamadre.com\/index.php?rest_route=%2Fwp%2Fv2%2Fmedia&parent=60478"}],"wp:term":[{"taxonomy":"category","embeddable":true,"href":"https:\/\/quepocamadre.com\/index.php?rest_route=%2Fwp%2Fv2%2Fcategories&post=60478"},{"taxonomy":"post_tag","embeddable":true,"href":"https:\/\/quepocamadre.com\/index.php?rest_route=%2Fwp%2Fv2%2Ftags&post=60478"}],"curies":[{"name":"wp","href":"https:\/\/api.w.org\/{rel}","templated":true}]}}