{"id":60425,"date":"2026-01-21T07:41:03","date_gmt":"2026-01-21T13:41:03","guid":{"rendered":"https:\/\/quepocamadre.com\/?p=60425"},"modified":"2026-01-21T07:41:03","modified_gmt":"2026-01-21T13:41:03","slug":"son-consumidos-autos-se-incendiaron-en-corralon-en-monclova","status":"publish","type":"post","link":"https:\/\/quepocamadre.com\/?p=60425","title":{"rendered":"\u00a1SON CONSUMIDOS! AUTOS SE INCENDIARON EN CORRAL\u00d3N EN MONCLOVA"},"content":{"rendered":"<p>Se incendi\u00f3 un corral\u00f3n ubicado en el kil\u00f3metro 14 de la carretera a Monclova, en El Carmen, donde reportaron que 20 autom\u00f3viles y dos tr\u00e1ileres abandonados, fueron consumidos por las llamas.<\/p>\n<p>Personal de Protecci\u00f3n Civil de El Carmen, Salinas, Garajes y Talleres y Brigada Interna de Internacional lograron sofocar el incendio haciendo maniobras de enfriamiento. No se reportaron personas lesionadas.<\/p>\n<p>Varios negocios fueron afectados por un incendio originado en el \u00e1rea de frutas y verduras de un establecimiento denominado Roes Hermanos.<\/p>\n","protected":false},"excerpt":{"rendered":"<p>Se incendi\u00f3 un corral\u00f3n ubicado en el kil\u00f3metro 14 de la carretera a Monclova, en El Carmen, donde reportaron que 20 autom\u00f3viles y dos tr\u00e1ileres abandonados, fueron consumidos por las llamas. Personal de Protecci\u00f3n Civil de El Carmen, Salinas, Garajes y Talleres y Brigada Interna de Internacional lograron sofocar el incendio haciendo maniobras de enfriamiento. [&hellip;]<\/p>\n","protected":false},"author":1,"featured_media":60429,"comment_status":"open","ping_status":"open","sticky":false,"template":"","format":"standard","meta":{"footnotes":""},"categories":[167,124],"tags":[],"class_list":["post-60425","post","type-post","status-publish","format-standard","has-post-thumbnail","hentry","category-coahuila-nacional","category-nacional"],"_links":{"self":[{"href":"https:\/\/quepocamadre.com\/index.php?rest_route=\/wp\/v2\/posts\/60425","targetHints":{"allow":["GET"]}}],"collection":[{"href":"https:\/\/quepocamadre.com\/index.php?rest_route=\/wp\/v2\/posts"}],"about":[{"href":"https:\/\/quepocamadre.com\/index.php?rest_route=\/wp\/v2\/types\/post"}],"author":[{"embeddable":true,"href":"https:\/\/quepocamadre.com\/index.php?rest_route=\/wp\/v2\/users\/1"}],"replies":[{"embeddable":true,"href":"https:\/\/quepocamadre.com\/index.php?rest_route=%2Fwp%2Fv2%2Fcomments&post=60425"}],"version-history":[{"count":1,"href":"https:\/\/quepocamadre.com\/index.php?rest_route=\/wp\/v2\/posts\/60425\/revisions"}],"predecessor-version":[{"id":60430,"href":"https:\/\/quepocamadre.com\/index.php?rest_route=\/wp\/v2\/posts\/60425\/revisions\/60430"}],"wp:featuredmedia":[{"embeddable":true,"href":"https:\/\/quepocamadre.com\/index.php?rest_route=\/wp\/v2\/media\/60429"}],"wp:attachment":[{"href":"https:\/\/quepocamadre.com\/index.php?rest_route=%2Fwp%2Fv2%2Fmedia&parent=60425"}],"wp:term":[{"taxonomy":"category","embeddable":true,"href":"https:\/\/quepocamadre.com\/index.php?rest_route=%2Fwp%2Fv2%2Fcategories&post=60425"},{"taxonomy":"post_tag","embeddable":true,"href":"https:\/\/quepocamadre.com\/index.php?rest_route=%2Fwp%2Fv2%2Ftags&post=60425"}],"curies":[{"name":"wp","href":"https:\/\/api.w.org\/{rel}","templated":true}]}}