{"id":60412,"date":"2026-01-21T07:38:08","date_gmt":"2026-01-21T13:38:08","guid":{"rendered":"https:\/\/quepocamadre.com\/?p=60412"},"modified":"2026-01-21T07:38:08","modified_gmt":"2026-01-21T13:38:08","slug":"lo-dejaron-como-coladera-2","status":"publish","type":"post","link":"https:\/\/quepocamadre.com\/?p=60412","title":{"rendered":"\u00a1LO DEJARON COMO COLADERA!"},"content":{"rendered":"<p>Un hombre fue rafagueado a balazos en calles de Colima por sujetos armados que, tras la agresi\u00f3n, se dieron a la fuga a toda velocidad. Vecinos reportaron m\u00faltiples detonaciones de arma de fuego y encontraron a la v\u00edctima tendida en la v\u00eda p\u00fablica, gravemente herida.<\/p>\n<p>Cuerpos de emergencia acudieron al sitio, pero solo pudieron confirmar que el hombre ya no contaba con signos vitales. La zona fue acordonada por autoridades mientras peritos realizaban las diligencias correspondientes e iniciaban la investigaci\u00f3n para dar con los responsables del ataque.<\/p>\n","protected":false},"excerpt":{"rendered":"<p>Un hombre fue rafagueado a balazos en calles de Colima por sujetos armados que, tras la agresi\u00f3n, se dieron a la fuga a toda velocidad. Vecinos reportaron m\u00faltiples detonaciones de arma de fuego y encontraron a la v\u00edctima tendida en la v\u00eda p\u00fablica, gravemente herida. Cuerpos de emergencia acudieron al sitio, pero solo pudieron confirmar [&hellip;]<\/p>\n","protected":false},"author":1,"featured_media":60416,"comment_status":"open","ping_status":"open","sticky":false,"template":"","format":"standard","meta":{"footnotes":""},"categories":[182,124],"tags":[],"class_list":["post-60412","post","type-post","status-publish","format-standard","has-post-thumbnail","hentry","category-colima","category-nacional"],"_links":{"self":[{"href":"https:\/\/quepocamadre.com\/index.php?rest_route=\/wp\/v2\/posts\/60412","targetHints":{"allow":["GET"]}}],"collection":[{"href":"https:\/\/quepocamadre.com\/index.php?rest_route=\/wp\/v2\/posts"}],"about":[{"href":"https:\/\/quepocamadre.com\/index.php?rest_route=\/wp\/v2\/types\/post"}],"author":[{"embeddable":true,"href":"https:\/\/quepocamadre.com\/index.php?rest_route=\/wp\/v2\/users\/1"}],"replies":[{"embeddable":true,"href":"https:\/\/quepocamadre.com\/index.php?rest_route=%2Fwp%2Fv2%2Fcomments&post=60412"}],"version-history":[{"count":1,"href":"https:\/\/quepocamadre.com\/index.php?rest_route=\/wp\/v2\/posts\/60412\/revisions"}],"predecessor-version":[{"id":60417,"href":"https:\/\/quepocamadre.com\/index.php?rest_route=\/wp\/v2\/posts\/60412\/revisions\/60417"}],"wp:featuredmedia":[{"embeddable":true,"href":"https:\/\/quepocamadre.com\/index.php?rest_route=\/wp\/v2\/media\/60416"}],"wp:attachment":[{"href":"https:\/\/quepocamadre.com\/index.php?rest_route=%2Fwp%2Fv2%2Fmedia&parent=60412"}],"wp:term":[{"taxonomy":"category","embeddable":true,"href":"https:\/\/quepocamadre.com\/index.php?rest_route=%2Fwp%2Fv2%2Fcategories&post=60412"},{"taxonomy":"post_tag","embeddable":true,"href":"https:\/\/quepocamadre.com\/index.php?rest_route=%2Fwp%2Fv2%2Ftags&post=60412"}],"curies":[{"name":"wp","href":"https:\/\/api.w.org\/{rel}","templated":true}]}}