{"id":60351,"date":"2026-01-20T08:11:27","date_gmt":"2026-01-20T14:11:27","guid":{"rendered":"https:\/\/quepocamadre.com\/?p=60351"},"modified":"2026-01-20T08:11:27","modified_gmt":"2026-01-20T14:11:27","slug":"tragica-muerte-de-biker","status":"publish","type":"post","link":"https:\/\/quepocamadre.com\/?p=60351","title":{"rendered":"\u00a1TR\u00c1GICA MUERTE DE BIKER!"},"content":{"rendered":"<p>Un fuerte y brutal accidente de motociclistas se registr\u00f3 en Colima, a la altura de Cofrad\u00eda, cerca de la empresa San Jorge y la iglesia del crucero de San Miguel El Seco. El impacto fue tan violento que uno de los involucrados perdi\u00f3 la vida de manera tr\u00e1gica en el lugar, dejando una escena estremecedora sobre la cinta asf\u00e1ltica.<\/p>\n<p>Testigos dieron aviso a las autoridades, quienes al arribar solo pudieron confirmar el fallecimiento. La zona fue acordonada mientras peritos realizaban las diligencias correspondientes para esclarecer c\u00f3mo ocurri\u00f3 el choque que volvi\u00f3 a te\u00f1ir de luto las carreteras del estado.<\/p>\n","protected":false},"excerpt":{"rendered":"<p>Un fuerte y brutal accidente de motociclistas se registr\u00f3 en Colima, a la altura de Cofrad\u00eda, cerca de la empresa San Jorge y la iglesia del crucero de San Miguel El Seco. El impacto fue tan violento que uno de los involucrados perdi\u00f3 la vida de manera tr\u00e1gica en el lugar, dejando una escena estremecedora [&hellip;]<\/p>\n","protected":false},"author":1,"featured_media":60353,"comment_status":"open","ping_status":"open","sticky":false,"template":"","format":"standard","meta":{"footnotes":""},"categories":[182,124],"tags":[],"class_list":["post-60351","post","type-post","status-publish","format-standard","has-post-thumbnail","hentry","category-colima","category-nacional"],"_links":{"self":[{"href":"https:\/\/quepocamadre.com\/index.php?rest_route=\/wp\/v2\/posts\/60351","targetHints":{"allow":["GET"]}}],"collection":[{"href":"https:\/\/quepocamadre.com\/index.php?rest_route=\/wp\/v2\/posts"}],"about":[{"href":"https:\/\/quepocamadre.com\/index.php?rest_route=\/wp\/v2\/types\/post"}],"author":[{"embeddable":true,"href":"https:\/\/quepocamadre.com\/index.php?rest_route=\/wp\/v2\/users\/1"}],"replies":[{"embeddable":true,"href":"https:\/\/quepocamadre.com\/index.php?rest_route=%2Fwp%2Fv2%2Fcomments&post=60351"}],"version-history":[{"count":1,"href":"https:\/\/quepocamadre.com\/index.php?rest_route=\/wp\/v2\/posts\/60351\/revisions"}],"predecessor-version":[{"id":60354,"href":"https:\/\/quepocamadre.com\/index.php?rest_route=\/wp\/v2\/posts\/60351\/revisions\/60354"}],"wp:featuredmedia":[{"embeddable":true,"href":"https:\/\/quepocamadre.com\/index.php?rest_route=\/wp\/v2\/media\/60353"}],"wp:attachment":[{"href":"https:\/\/quepocamadre.com\/index.php?rest_route=%2Fwp%2Fv2%2Fmedia&parent=60351"}],"wp:term":[{"taxonomy":"category","embeddable":true,"href":"https:\/\/quepocamadre.com\/index.php?rest_route=%2Fwp%2Fv2%2Fcategories&post=60351"},{"taxonomy":"post_tag","embeddable":true,"href":"https:\/\/quepocamadre.com\/index.php?rest_route=%2Fwp%2Fv2%2Ftags&post=60351"}],"curies":[{"name":"wp","href":"https:\/\/api.w.org\/{rel}","templated":true}]}}