{"id":60312,"date":"2026-01-19T08:22:04","date_gmt":"2026-01-19T14:22:04","guid":{"rendered":"https:\/\/quepocamadre.com\/?p=60312"},"modified":"2026-01-19T08:22:04","modified_gmt":"2026-01-19T14:22:04","slug":"es-ejecutado-pierde-la-vida-un-hombre-en-el-municipio-de-villa-de-alvarez-colima","status":"publish","type":"post","link":"https:\/\/quepocamadre.com\/?p=60312","title":{"rendered":"\u00a1ES EJECUTADO! PIERDE LA VIDA UN HOMBRE EN EL MUNICIPIO DE VILLA DE \u00c1LVAREZ, COLIMA"},"content":{"rendered":"<p>De acuerdo a la informaci\u00f3n dada a conocer por algunas personas, que avisaron a los servicios de emergencias, la noche de este domingo se registr\u00f3 un ataque con armas de fuego en el Fraccionamiento Verde Valle, ubicado en el municipio de Villa de \u00c1lvarez, el cual dej\u00f3 como saldo preliminar un hombre muerto.<\/p>\n<p>Este hecho violento se registr\u00f3 cuando sujetos armados dispararon en diversas ocasiones contra la v\u00edctima, quien, debido a la gravedad de sus heridas, perdi\u00f3 la vida en la escena.<\/p>\n<p>Personas que se percataron de lo sucedido alertaron a los n\u00fameros de emergencias, por lo que un fuerte operativo de seguridad resguard\u00f3 el \u00e1rea.<\/p>\n","protected":false},"excerpt":{"rendered":"<p>De acuerdo a la informaci\u00f3n dada a conocer por algunas personas, que avisaron a los servicios de emergencias, la noche de este domingo se registr\u00f3 un ataque con armas de fuego en el Fraccionamiento Verde Valle, ubicado en el municipio de Villa de \u00c1lvarez, el cual dej\u00f3 como saldo preliminar un hombre muerto. Este hecho [&hellip;]<\/p>\n","protected":false},"author":1,"featured_media":60316,"comment_status":"open","ping_status":"open","sticky":false,"template":"","format":"standard","meta":{"footnotes":""},"categories":[182,124],"tags":[],"class_list":["post-60312","post","type-post","status-publish","format-standard","has-post-thumbnail","hentry","category-colima","category-nacional"],"_links":{"self":[{"href":"https:\/\/quepocamadre.com\/index.php?rest_route=\/wp\/v2\/posts\/60312","targetHints":{"allow":["GET"]}}],"collection":[{"href":"https:\/\/quepocamadre.com\/index.php?rest_route=\/wp\/v2\/posts"}],"about":[{"href":"https:\/\/quepocamadre.com\/index.php?rest_route=\/wp\/v2\/types\/post"}],"author":[{"embeddable":true,"href":"https:\/\/quepocamadre.com\/index.php?rest_route=\/wp\/v2\/users\/1"}],"replies":[{"embeddable":true,"href":"https:\/\/quepocamadre.com\/index.php?rest_route=%2Fwp%2Fv2%2Fcomments&post=60312"}],"version-history":[{"count":1,"href":"https:\/\/quepocamadre.com\/index.php?rest_route=\/wp\/v2\/posts\/60312\/revisions"}],"predecessor-version":[{"id":60317,"href":"https:\/\/quepocamadre.com\/index.php?rest_route=\/wp\/v2\/posts\/60312\/revisions\/60317"}],"wp:featuredmedia":[{"embeddable":true,"href":"https:\/\/quepocamadre.com\/index.php?rest_route=\/wp\/v2\/media\/60316"}],"wp:attachment":[{"href":"https:\/\/quepocamadre.com\/index.php?rest_route=%2Fwp%2Fv2%2Fmedia&parent=60312"}],"wp:term":[{"taxonomy":"category","embeddable":true,"href":"https:\/\/quepocamadre.com\/index.php?rest_route=%2Fwp%2Fv2%2Fcategories&post=60312"},{"taxonomy":"post_tag","embeddable":true,"href":"https:\/\/quepocamadre.com\/index.php?rest_route=%2Fwp%2Fv2%2Ftags&post=60312"}],"curies":[{"name":"wp","href":"https:\/\/api.w.org\/{rel}","templated":true}]}}