{"id":60252,"date":"2026-01-16T07:47:03","date_gmt":"2026-01-16T13:47:03","guid":{"rendered":"https:\/\/quepocamadre.com\/?p=60252"},"modified":"2026-01-16T07:47:03","modified_gmt":"2026-01-16T13:47:03","slug":"ya-no-llego-a-la-rosca-fue-baleado-en-calles-de-cuautitlan","status":"publish","type":"post","link":"https:\/\/quepocamadre.com\/?p=60252","title":{"rendered":"\u00a1YA NO LLEG\u00d3 A LA ROSCA! FUE BALEADO EN CALLES DE CUAUTITL\u00c1N"},"content":{"rendered":"<p>Un hombre fue asesinado a balazos mientras caminaba por calles de Cuautitl\u00e1n Izcalli, en el Estado de M\u00e9xico. De acuerdo con los primeros reportes, sujetos armados se le acercaron y le dispararon en repetidas ocasiones, dej\u00e1ndolo tendido en la v\u00eda p\u00fablica ante la mirada de vecinos que escucharon las detonaciones.<\/p>\n<p>Elementos de seguridad arribaron al sitio y confirmaron que la v\u00edctima ya no contaba con signos vitales. La zona fue acordonada mientras personal de la Fiscal\u00eda mexiquense realiz\u00f3 el levantamiento del cuerpo e inici\u00f3 las investigaciones para dar con los responsables de este ataque directo.<\/p>\n","protected":false},"excerpt":{"rendered":"<p>Un hombre fue asesinado a balazos mientras caminaba por calles de Cuautitl\u00e1n Izcalli, en el Estado de M\u00e9xico. De acuerdo con los primeros reportes, sujetos armados se le acercaron y le dispararon en repetidas ocasiones, dej\u00e1ndolo tendido en la v\u00eda p\u00fablica ante la mirada de vecinos que escucharon las detonaciones. Elementos de seguridad arribaron al [&hellip;]<\/p>\n","protected":false},"author":1,"featured_media":60256,"comment_status":"open","ping_status":"open","sticky":false,"template":"","format":"standard","meta":{"footnotes":""},"categories":[242,102],"tags":[],"class_list":["post-60252","post","type-post","status-publish","format-standard","has-post-thumbnail","hentry","category-cuautitlan","category-edomex"],"_links":{"self":[{"href":"https:\/\/quepocamadre.com\/index.php?rest_route=\/wp\/v2\/posts\/60252","targetHints":{"allow":["GET"]}}],"collection":[{"href":"https:\/\/quepocamadre.com\/index.php?rest_route=\/wp\/v2\/posts"}],"about":[{"href":"https:\/\/quepocamadre.com\/index.php?rest_route=\/wp\/v2\/types\/post"}],"author":[{"embeddable":true,"href":"https:\/\/quepocamadre.com\/index.php?rest_route=\/wp\/v2\/users\/1"}],"replies":[{"embeddable":true,"href":"https:\/\/quepocamadre.com\/index.php?rest_route=%2Fwp%2Fv2%2Fcomments&post=60252"}],"version-history":[{"count":1,"href":"https:\/\/quepocamadre.com\/index.php?rest_route=\/wp\/v2\/posts\/60252\/revisions"}],"predecessor-version":[{"id":60257,"href":"https:\/\/quepocamadre.com\/index.php?rest_route=\/wp\/v2\/posts\/60252\/revisions\/60257"}],"wp:featuredmedia":[{"embeddable":true,"href":"https:\/\/quepocamadre.com\/index.php?rest_route=\/wp\/v2\/media\/60256"}],"wp:attachment":[{"href":"https:\/\/quepocamadre.com\/index.php?rest_route=%2Fwp%2Fv2%2Fmedia&parent=60252"}],"wp:term":[{"taxonomy":"category","embeddable":true,"href":"https:\/\/quepocamadre.com\/index.php?rest_route=%2Fwp%2Fv2%2Fcategories&post=60252"},{"taxonomy":"post_tag","embeddable":true,"href":"https:\/\/quepocamadre.com\/index.php?rest_route=%2Fwp%2Fv2%2Ftags&post=60252"}],"curies":[{"name":"wp","href":"https:\/\/api.w.org\/{rel}","templated":true}]}}