{"id":60204,"date":"2026-01-15T09:01:30","date_gmt":"2026-01-15T15:01:30","guid":{"rendered":"https:\/\/quepocamadre.com\/?p=60204"},"modified":"2026-01-15T09:01:30","modified_gmt":"2026-01-15T15:01:30","slug":"detienen-a-erick-anaya-senalado-como-feminicida-en-tultepec","status":"publish","type":"post","link":"https:\/\/quepocamadre.com\/?p=60204","title":{"rendered":"Detienen a Erick Anaya, se\u00f1alado como feminicida, en Tultepec"},"content":{"rendered":"<p>Erick Anaya, se\u00f1alado como presunto feminicida por hechos ocurridos en San Francisco Cascantitla, fue detenido en Tultepec, Edom\u00e9x, donde se ocultaba en la casa de su madre, ubicada en la colonia El Quemado.<\/p>\n<p>De acuerdo con testimonios vecinales, el operativo se realiz\u00f3 con un despliegue amplio de agentes de investigaci\u00f3n, quienes ingresaron por la fuerza al inmueble, rompieron el port\u00f3n y aseguraron al sospechoso, coloc\u00e1ndolo contra una pared mientras le tomaban fotograf\u00edas para su identificaci\u00f3n. Los vecinos relatan que se escucharon golpes fuertes y que la calle se llen\u00f3 de camionetas oficiales durante la intervenci\u00f3n.<\/p>\n<p>Tras la detenci\u00f3n, el individuo fue trasladado en una unidad oficial para quedar a disposici\u00f3n de la autoridad competente, donde se determinar\u00e1 su situaci\u00f3n jur\u00eddica conforme a la ley. La investigaci\u00f3n contin\u00faa para esclarecer plenamente los hechos y garantizar justicia.<\/p>\n<p><a href=\"https:\/\/quepocamadre.com\/wp-content\/uploads\/2026\/01\/detienen-a-1-1.jpg\"><img fetchpriority=\"high\" decoding=\"async\" class=\"aligncenter size-full wp-image-60210\" src=\"https:\/\/quepocamadre.com\/wp-content\/uploads\/2026\/01\/detienen-a-1-1.jpg\" alt=\"\" width=\"1200\" height=\"801\" srcset=\"https:\/\/quepocamadre.com\/wp-content\/uploads\/2026\/01\/detienen-a-1-1.jpg 1200w, https:\/\/quepocamadre.com\/wp-content\/uploads\/2026\/01\/detienen-a-1-1-300x200.jpg 300w, https:\/\/quepocamadre.com\/wp-content\/uploads\/2026\/01\/detienen-a-1-1-1024x684.jpg 1024w, https:\/\/quepocamadre.com\/wp-content\/uploads\/2026\/01\/detienen-a-1-1-768x513.jpg 768w\" sizes=\"(max-width: 1200px) 100vw, 1200px\" \/><\/a><\/p>\n","protected":false},"excerpt":{"rendered":"<p>Erick Anaya, se\u00f1alado como presunto feminicida por hechos ocurridos en San Francisco Cascantitla, fue detenido en Tultepec, Edom\u00e9x, donde se ocultaba en la casa de su madre, ubicada en la colonia El Quemado. De acuerdo con testimonios vecinales, el operativo se realiz\u00f3 con un despliegue amplio de agentes de investigaci\u00f3n, quienes ingresaron por la fuerza [&hellip;]<\/p>\n","protected":false},"author":1,"featured_media":60209,"comment_status":"open","ping_status":"open","sticky":false,"template":"","format":"standard","meta":{"footnotes":""},"categories":[102,252],"tags":[],"class_list":["post-60204","post","type-post","status-publish","format-standard","has-post-thumbnail","hentry","category-edomex","category-tultepec"],"_links":{"self":[{"href":"https:\/\/quepocamadre.com\/index.php?rest_route=\/wp\/v2\/posts\/60204","targetHints":{"allow":["GET"]}}],"collection":[{"href":"https:\/\/quepocamadre.com\/index.php?rest_route=\/wp\/v2\/posts"}],"about":[{"href":"https:\/\/quepocamadre.com\/index.php?rest_route=\/wp\/v2\/types\/post"}],"author":[{"embeddable":true,"href":"https:\/\/quepocamadre.com\/index.php?rest_route=\/wp\/v2\/users\/1"}],"replies":[{"embeddable":true,"href":"https:\/\/quepocamadre.com\/index.php?rest_route=%2Fwp%2Fv2%2Fcomments&post=60204"}],"version-history":[{"count":1,"href":"https:\/\/quepocamadre.com\/index.php?rest_route=\/wp\/v2\/posts\/60204\/revisions"}],"predecessor-version":[{"id":60211,"href":"https:\/\/quepocamadre.com\/index.php?rest_route=\/wp\/v2\/posts\/60204\/revisions\/60211"}],"wp:featuredmedia":[{"embeddable":true,"href":"https:\/\/quepocamadre.com\/index.php?rest_route=\/wp\/v2\/media\/60209"}],"wp:attachment":[{"href":"https:\/\/quepocamadre.com\/index.php?rest_route=%2Fwp%2Fv2%2Fmedia&parent=60204"}],"wp:term":[{"taxonomy":"category","embeddable":true,"href":"https:\/\/quepocamadre.com\/index.php?rest_route=%2Fwp%2Fv2%2Fcategories&post=60204"},{"taxonomy":"post_tag","embeddable":true,"href":"https:\/\/quepocamadre.com\/index.php?rest_route=%2Fwp%2Fv2%2Ftags&post=60204"}],"curies":[{"name":"wp","href":"https:\/\/api.w.org\/{rel}","templated":true}]}}