{"id":60198,"date":"2026-01-15T09:00:09","date_gmt":"2026-01-15T15:00:09","guid":{"rendered":"https:\/\/quepocamadre.com\/?p=60198"},"modified":"2026-01-15T09:00:09","modified_gmt":"2026-01-15T15:00:09","slug":"fuerte-choque-entre-motociclistas-en-campeche","status":"publish","type":"post","link":"https:\/\/quepocamadre.com\/?p=60198","title":{"rendered":"FUERTE CHOQUE ENTRE MOTOCICLISTAS EN CAMPECHE"},"content":{"rendered":"<p>Un aparatoso accidente se registr\u00f3 en el cruce de las calles Novena y Octava, en la colonia Siglo XXI, en la ciudad de Campeche, donde dos motociclistas se vieron involucrados en un fuerte choque. Tras el impacto, uno de los conductores qued\u00f3 tendido sobre la cinta asf\u00e1ltica con lesiones de consideraci\u00f3n, lo que gener\u00f3 la movilizaci\u00f3n inmediata de los cuerpos de emergencia.<\/p>\n<p>Param\u00e9dicos brindaron atenci\u00f3n prehospitalaria al lesionado y lo trasladaron de urgencia a un hospital para su valoraci\u00f3n m\u00e9dica. Elementos de seguridad acudieron al sitio para abanderar la zona, controlar el tr\u00e1nsito y realizar las diligencias correspondientes, mientras las autoridades investigan las causas del percance.<\/p>\n","protected":false},"excerpt":{"rendered":"<p>Un aparatoso accidente se registr\u00f3 en el cruce de las calles Novena y Octava, en la colonia Siglo XXI, en la ciudad de Campeche, donde dos motociclistas se vieron involucrados en un fuerte choque. Tras el impacto, uno de los conductores qued\u00f3 tendido sobre la cinta asf\u00e1ltica con lesiones de consideraci\u00f3n, lo que gener\u00f3 la [&hellip;]<\/p>\n","protected":false},"author":1,"featured_media":60202,"comment_status":"open","ping_status":"open","sticky":false,"template":"","format":"standard","meta":{"footnotes":""},"categories":[135,124],"tags":[],"class_list":["post-60198","post","type-post","status-publish","format-standard","has-post-thumbnail","hentry","category-campeche","category-nacional"],"_links":{"self":[{"href":"https:\/\/quepocamadre.com\/index.php?rest_route=\/wp\/v2\/posts\/60198","targetHints":{"allow":["GET"]}}],"collection":[{"href":"https:\/\/quepocamadre.com\/index.php?rest_route=\/wp\/v2\/posts"}],"about":[{"href":"https:\/\/quepocamadre.com\/index.php?rest_route=\/wp\/v2\/types\/post"}],"author":[{"embeddable":true,"href":"https:\/\/quepocamadre.com\/index.php?rest_route=\/wp\/v2\/users\/1"}],"replies":[{"embeddable":true,"href":"https:\/\/quepocamadre.com\/index.php?rest_route=%2Fwp%2Fv2%2Fcomments&post=60198"}],"version-history":[{"count":1,"href":"https:\/\/quepocamadre.com\/index.php?rest_route=\/wp\/v2\/posts\/60198\/revisions"}],"predecessor-version":[{"id":60203,"href":"https:\/\/quepocamadre.com\/index.php?rest_route=\/wp\/v2\/posts\/60198\/revisions\/60203"}],"wp:featuredmedia":[{"embeddable":true,"href":"https:\/\/quepocamadre.com\/index.php?rest_route=\/wp\/v2\/media\/60202"}],"wp:attachment":[{"href":"https:\/\/quepocamadre.com\/index.php?rest_route=%2Fwp%2Fv2%2Fmedia&parent=60198"}],"wp:term":[{"taxonomy":"category","embeddable":true,"href":"https:\/\/quepocamadre.com\/index.php?rest_route=%2Fwp%2Fv2%2Fcategories&post=60198"},{"taxonomy":"post_tag","embeddable":true,"href":"https:\/\/quepocamadre.com\/index.php?rest_route=%2Fwp%2Fv2%2Ftags&post=60198"}],"curies":[{"name":"wp","href":"https:\/\/api.w.org\/{rel}","templated":true}]}}