{"id":60124,"date":"2026-01-14T09:14:56","date_gmt":"2026-01-14T15:14:56","guid":{"rendered":"https:\/\/quepocamadre.com\/?p=60124"},"modified":"2026-01-14T09:14:56","modified_gmt":"2026-01-14T15:14:56","slug":"ejecutan-a-hombre-en-tienda-de-abarrotes-en-colima","status":"publish","type":"post","link":"https:\/\/quepocamadre.com\/?p=60124","title":{"rendered":"EJECUTAN A HOMBRE EN TIENDA DE ABARROTES EN COLIMA"},"content":{"rendered":"<p>Un hombre fue asesinado a balazos al interior de una tienda de abarrotes ubicada sobre la prolongaci\u00f3n de la calle 5 de Mayo, en la colonia F\u00e1tima, en la ciudad de Colima. De acuerdo con informaci\u00f3n extraoficial, la v\u00edctima recibi\u00f3 impactos de arma de fuego en el cr\u00e1neo y el t\u00f3rax, lo que le provoc\u00f3 la muerte de manera casi inmediata.<\/p>\n<p>Testigos se\u00f1alaron que sujetos armados a bordo de una motocicleta arribaron al establecimiento y dispararon a quemarropa, para luego darse a la fuga. Param\u00e9dicos acudieron al lugar e intentaron brindar auxilio, pero confirmaron que el hombre ya no contaba con signos vitales. A pesar del operativo desplegado por corporaciones policiacas, no se reportan personas detenidas, y la Fiscal\u00eda contin\u00faa con las investigaciones para esclarecer el homicidio.<\/p>\n","protected":false},"excerpt":{"rendered":"<p>Un hombre fue asesinado a balazos al interior de una tienda de abarrotes ubicada sobre la prolongaci\u00f3n de la calle 5 de Mayo, en la colonia F\u00e1tima, en la ciudad de Colima. De acuerdo con informaci\u00f3n extraoficial, la v\u00edctima recibi\u00f3 impactos de arma de fuego en el cr\u00e1neo y el t\u00f3rax, lo que le provoc\u00f3 [&hellip;]<\/p>\n","protected":false},"author":1,"featured_media":60128,"comment_status":"open","ping_status":"open","sticky":false,"template":"","format":"standard","meta":{"footnotes":""},"categories":[182,124],"tags":[],"class_list":["post-60124","post","type-post","status-publish","format-standard","has-post-thumbnail","hentry","category-colima","category-nacional"],"_links":{"self":[{"href":"https:\/\/quepocamadre.com\/index.php?rest_route=\/wp\/v2\/posts\/60124","targetHints":{"allow":["GET"]}}],"collection":[{"href":"https:\/\/quepocamadre.com\/index.php?rest_route=\/wp\/v2\/posts"}],"about":[{"href":"https:\/\/quepocamadre.com\/index.php?rest_route=\/wp\/v2\/types\/post"}],"author":[{"embeddable":true,"href":"https:\/\/quepocamadre.com\/index.php?rest_route=\/wp\/v2\/users\/1"}],"replies":[{"embeddable":true,"href":"https:\/\/quepocamadre.com\/index.php?rest_route=%2Fwp%2Fv2%2Fcomments&post=60124"}],"version-history":[{"count":1,"href":"https:\/\/quepocamadre.com\/index.php?rest_route=\/wp\/v2\/posts\/60124\/revisions"}],"predecessor-version":[{"id":60129,"href":"https:\/\/quepocamadre.com\/index.php?rest_route=\/wp\/v2\/posts\/60124\/revisions\/60129"}],"wp:featuredmedia":[{"embeddable":true,"href":"https:\/\/quepocamadre.com\/index.php?rest_route=\/wp\/v2\/media\/60128"}],"wp:attachment":[{"href":"https:\/\/quepocamadre.com\/index.php?rest_route=%2Fwp%2Fv2%2Fmedia&parent=60124"}],"wp:term":[{"taxonomy":"category","embeddable":true,"href":"https:\/\/quepocamadre.com\/index.php?rest_route=%2Fwp%2Fv2%2Fcategories&post=60124"},{"taxonomy":"post_tag","embeddable":true,"href":"https:\/\/quepocamadre.com\/index.php?rest_route=%2Fwp%2Fv2%2Ftags&post=60124"}],"curies":[{"name":"wp","href":"https:\/\/api.w.org\/{rel}","templated":true}]}}