{"id":60081,"date":"2026-01-13T08:29:56","date_gmt":"2026-01-13T14:29:56","guid":{"rendered":"https:\/\/quepocamadre.com\/?p=60081"},"modified":"2026-01-13T08:30:25","modified_gmt":"2026-01-13T14:30:25","slug":"60081","status":"publish","type":"post","link":"https:\/\/quepocamadre.com\/?p=60081","title":{"rendered":"Son sentenciadas dos personas se\u00f1aladas por homicidio calificado en Villa del Carb\u00f3n"},"content":{"rendered":"<p>La FGJEM obtuvo una sentencia condenatoria de 55 a\u00f1os de prisi\u00f3n para dos individuos identificados como Reyna Barrera Mercado y Alejandro Lorenzo Fern\u00e1ndez, al ser plenamente responsables del delito de homicidio calificado cometido en agravio de un masculino.<\/p>\n<p>El pasado d\u00eda 4 de enero de 2025, la v\u00edctima arrib\u00f3 al domicilio de los imputados ubicado en la comunidad de La Ca\u00f1ada, en Villa del Carb\u00f3n, a bordo de un veh\u00edculo y en el exterior comenz\u00f3 a discutir con Reyna Barrera.<\/p>\n<p>En alg\u00fan momento, Alejandro Fern\u00e1ndez sale del inmueble y, por instrucciones de la mujer, agrede a la v\u00edctima con un arma de fuego, provocando su muerte; acto seguido, ambos retiran el cuerpo del lugar arrastr\u00e1ndolo hacia otro punto con el fin de desviar las investigaciones.<\/p>\n<p>Tras ser localizado el cad\u00e1ver de la v\u00edctima, se dio inicio a las investigaciones correspondientes mediante las cuales fue posible determinar la mec\u00e1nica de los hechos e identificar a Reyna Barrera Mercado y Alejandro Lorenzo Fern\u00e1ndez como probables responsables; teniendo esta informaci\u00f3n solicit\u00f3 al Juez la orden de aprehensi\u00f3n correspondiente la cual posteriormente fue cumplimentada y ambos ingresados al Centro Penitenciario y de Reinserci\u00f3n Social de la zona, para quedar a disposici\u00f3n de la Autoridad Judicial.<\/p>\n<p>Un juez determin\u00f3 la culpabilidad de Reyna Barrera Mercado y Alejandro Lorenzo Fern\u00e1ndez en el hecho delictivo de homicidio calificado.<\/p>\n<p>Estableci\u00f3 una sentencia condenatoria de 55 a\u00f1os de prisi\u00f3n; adem\u00e1s, les impuso una multa de 309 mil 424 pesos, el pago de 237 mil 768 pesos por concepto de reparaci\u00f3n del da\u00f1o material y otros 54 mil 285 pesos por reparaci\u00f3n del da\u00f1o moral, adem\u00e1s de que sus derechos civiles y pol\u00edticos quedaron suspendidos.<\/p>\n","protected":false},"excerpt":{"rendered":"<p>La FGJEM obtuvo una sentencia condenatoria de 55 a\u00f1os de prisi\u00f3n para dos individuos identificados como Reyna Barrera Mercado y Alejandro Lorenzo Fern\u00e1ndez, al ser plenamente responsables del delito de homicidio calificado cometido en agravio de un masculino. El pasado d\u00eda 4 de enero de 2025, la v\u00edctima arrib\u00f3 al domicilio de los imputados ubicado [&hellip;]<\/p>\n","protected":false},"author":1,"featured_media":60085,"comment_status":"open","ping_status":"open","sticky":false,"template":"","format":"standard","meta":{"footnotes":""},"categories":[102,269],"tags":[],"class_list":["post-60081","post","type-post","status-publish","format-standard","has-post-thumbnail","hentry","category-edomex","category-villa-del-carbon"],"_links":{"self":[{"href":"https:\/\/quepocamadre.com\/index.php?rest_route=\/wp\/v2\/posts\/60081","targetHints":{"allow":["GET"]}}],"collection":[{"href":"https:\/\/quepocamadre.com\/index.php?rest_route=\/wp\/v2\/posts"}],"about":[{"href":"https:\/\/quepocamadre.com\/index.php?rest_route=\/wp\/v2\/types\/post"}],"author":[{"embeddable":true,"href":"https:\/\/quepocamadre.com\/index.php?rest_route=\/wp\/v2\/users\/1"}],"replies":[{"embeddable":true,"href":"https:\/\/quepocamadre.com\/index.php?rest_route=%2Fwp%2Fv2%2Fcomments&post=60081"}],"version-history":[{"count":2,"href":"https:\/\/quepocamadre.com\/index.php?rest_route=\/wp\/v2\/posts\/60081\/revisions"}],"predecessor-version":[{"id":60087,"href":"https:\/\/quepocamadre.com\/index.php?rest_route=\/wp\/v2\/posts\/60081\/revisions\/60087"}],"wp:featuredmedia":[{"embeddable":true,"href":"https:\/\/quepocamadre.com\/index.php?rest_route=\/wp\/v2\/media\/60085"}],"wp:attachment":[{"href":"https:\/\/quepocamadre.com\/index.php?rest_route=%2Fwp%2Fv2%2Fmedia&parent=60081"}],"wp:term":[{"taxonomy":"category","embeddable":true,"href":"https:\/\/quepocamadre.com\/index.php?rest_route=%2Fwp%2Fv2%2Fcategories&post=60081"},{"taxonomy":"post_tag","embeddable":true,"href":"https:\/\/quepocamadre.com\/index.php?rest_route=%2Fwp%2Fv2%2Ftags&post=60081"}],"curies":[{"name":"wp","href":"https:\/\/api.w.org\/{rel}","templated":true}]}}