{"id":60029,"date":"2026-01-12T08:52:44","date_gmt":"2026-01-12T14:52:44","guid":{"rendered":"https:\/\/quepocamadre.com\/?p=60029"},"modified":"2026-01-12T08:52:44","modified_gmt":"2026-01-12T14:52:44","slug":"detienen-a-cuatro-sujetos-en-lerma-acusados-de-intento-de-homicidio","status":"publish","type":"post","link":"https:\/\/quepocamadre.com\/?p=60029","title":{"rendered":"Detienen a cuatro sujetos en Lerma acusados de intento de homicidio"},"content":{"rendered":"<p>Elementos de la FGJEM y de la Polic\u00eda Municipal de Lerma, aprehendieron a Jaciel \u201cN\u201d, Andrick \u201cN\u201d, Aar\u00f3n \u201cN\u201d y Obed \u201cN\u201d, quienes son investigados por su presunta participaci\u00f3n en el delito de homicidio en grado de tentativa.<\/p>\n<p>Fue posible el 8 de diciembre del 2024, cuando la v\u00edctima, quien se encontraba con algunos conocidos en un domicilio ubicado en la comunidad de San Nicol\u00e1s Peralta, en Lerma, fue abordado por los hoy investigados, quienes llegaron al sitio junto con otros sujetos, portando armas punzo cortantes y objetos contundentes.<\/p>\n<p>Los hoy investigados presuntamente habr\u00edan agredido verbalmente a la v\u00edctima y enseguida la habr\u00edan hecho con los objetos que portaban, caus\u00e1ndole lesiones en diversas partes del cuerpo para despu\u00e9s huir del lugar.<\/p>\n<p>La Fiscal\u00eda, solicit\u00f3 a un Juez la orden de aprehensi\u00f3n correspondiente, la cual fue cumplimentada por elementos de la Polic\u00eda de Investigaci\u00f3n.<\/p>\n<p>Una vez detenidos, Jaciel \u201cN\u201d, Andrick \u201cN\u201d, Aar\u00f3n \u201cN\u201d y Obed \u201cN fueron ingresados al Centro Penitenciario y de Reinserci\u00f3n Social de este municipio, a disposici\u00f3n de la Autoridad Judicial, quien ser\u00e1 la encargada de determinar su situaci\u00f3n legal, no obstante, deben ser considerados inocentes hasta que no exista una sentencia en su contra.<\/p>\n","protected":false},"excerpt":{"rendered":"<p>Elementos de la FGJEM y de la Polic\u00eda Municipal de Lerma, aprehendieron a Jaciel \u201cN\u201d, Andrick \u201cN\u201d, Aar\u00f3n \u201cN\u201d y Obed \u201cN\u201d, quienes son investigados por su presunta participaci\u00f3n en el delito de homicidio en grado de tentativa. Fue posible el 8 de diciembre del 2024, cuando la v\u00edctima, quien se encontraba con algunos conocidos [&hellip;]<\/p>\n","protected":false},"author":1,"featured_media":60033,"comment_status":"open","ping_status":"open","sticky":false,"template":"","format":"standard","meta":{"footnotes":""},"categories":[102,108],"tags":[],"class_list":["post-60029","post","type-post","status-publish","format-standard","has-post-thumbnail","hentry","category-edomex","category-lerma"],"_links":{"self":[{"href":"https:\/\/quepocamadre.com\/index.php?rest_route=\/wp\/v2\/posts\/60029","targetHints":{"allow":["GET"]}}],"collection":[{"href":"https:\/\/quepocamadre.com\/index.php?rest_route=\/wp\/v2\/posts"}],"about":[{"href":"https:\/\/quepocamadre.com\/index.php?rest_route=\/wp\/v2\/types\/post"}],"author":[{"embeddable":true,"href":"https:\/\/quepocamadre.com\/index.php?rest_route=\/wp\/v2\/users\/1"}],"replies":[{"embeddable":true,"href":"https:\/\/quepocamadre.com\/index.php?rest_route=%2Fwp%2Fv2%2Fcomments&post=60029"}],"version-history":[{"count":1,"href":"https:\/\/quepocamadre.com\/index.php?rest_route=\/wp\/v2\/posts\/60029\/revisions"}],"predecessor-version":[{"id":60034,"href":"https:\/\/quepocamadre.com\/index.php?rest_route=\/wp\/v2\/posts\/60029\/revisions\/60034"}],"wp:featuredmedia":[{"embeddable":true,"href":"https:\/\/quepocamadre.com\/index.php?rest_route=\/wp\/v2\/media\/60033"}],"wp:attachment":[{"href":"https:\/\/quepocamadre.com\/index.php?rest_route=%2Fwp%2Fv2%2Fmedia&parent=60029"}],"wp:term":[{"taxonomy":"category","embeddable":true,"href":"https:\/\/quepocamadre.com\/index.php?rest_route=%2Fwp%2Fv2%2Fcategories&post=60029"},{"taxonomy":"post_tag","embeddable":true,"href":"https:\/\/quepocamadre.com\/index.php?rest_route=%2Fwp%2Fv2%2Ftags&post=60029"}],"curies":[{"name":"wp","href":"https:\/\/api.w.org\/{rel}","templated":true}]}}