{"id":59967,"date":"2026-01-09T08:03:08","date_gmt":"2026-01-09T14:03:08","guid":{"rendered":"https:\/\/quepocamadre.com\/?p=59967"},"modified":"2026-01-09T08:03:08","modified_gmt":"2026-01-09T14:03:08","slug":"agarran-al-lider-de-los-ferchos-por-robo-de-vehiculos-con-violencia-en-tlalnepantla","status":"publish","type":"post","link":"https:\/\/quepocamadre.com\/?p=59967","title":{"rendered":"Agarran al l\u00edder de &#8220;Los Ferchos&#8221; por robo de veh\u00edculos con violencia en Tlalnepantla"},"content":{"rendered":"<p>Elementos de la FGJEM aprehendieron a Adri\u00e1n Gael \u201cN\u201d alias \u201cEl Fercho\u201d, por su presunta responsabilidad en el delito de robo de veh\u00edculo con violencia.<\/p>\n<p>Fue identificado como el presunto l\u00edder de una estructura criminal autodenominada \u201cLos Ferchos\u201d, cuyos integrantes operaban el robo de veh\u00edculo en el municipio de Tlalnepantla.<\/p>\n<p>El pasado 27 de diciembre, el hoy investigado y otro sujeto ingresaron a una farmacia ubicada en Tlalnepantla, en donde amenaz\u00f3 a la v\u00edctima, quien realizaba unas compras, para desapoderarla de las llaves de su autom\u00f3vil, en tanto que su acompa\u00f1ante, quien estaba a bordo de la unidad, fue obligada a descender; conseguido su objetivo, ambos huyeron del sitio.<\/p>\n<p>Con la informaci\u00f3n recabada por la Fiscal\u00eda de Justicia mexiquense, fue posible establecer la identidad de uno de los probables participantes de este hecho delictivo, por lo que fue solicitada al juez una orden de aprehensi\u00f3n en contra de Adri\u00e1n Gael \u201cN\u201d alias \u201cEl Fercho\u201d.<\/p>\n<p>El detenido ingres\u00f3 al Centro Penitenciario y de Reinserci\u00f3n Social de la zona, quedando a disposici\u00f3n del juez, quien se encargar\u00e1 de definir su situaci\u00f3n jur\u00eddica.<\/p>\n<p>Entre los integrantes detenidos se encuentran David Paris \u201cN\u201d, Jonathan Baruc \u201cN\u201d, Roberto \u201cN\u201d, Oliver \u201cN\u201d, Erick Fabi\u00e1n \u201cN\u201d, \u00c1ngel Donovan \u201cN\u201d, Diego \u201cN\u201d y Eduardo Gabriel \u201cN\u201d.<\/p>\n<p><a href=\"https:\/\/quepocamadre.com\/wp-content\/uploads\/2026\/01\/agarran.jpg\"><img fetchpriority=\"high\" decoding=\"async\" class=\"aligncenter size-full wp-image-59972\" src=\"https:\/\/quepocamadre.com\/wp-content\/uploads\/2026\/01\/agarran.jpg\" alt=\"\" width=\"1200\" height=\"801\" srcset=\"https:\/\/quepocamadre.com\/wp-content\/uploads\/2026\/01\/agarran.jpg 1200w, https:\/\/quepocamadre.com\/wp-content\/uploads\/2026\/01\/agarran-300x200.jpg 300w, https:\/\/quepocamadre.com\/wp-content\/uploads\/2026\/01\/agarran-1024x684.jpg 1024w, https:\/\/quepocamadre.com\/wp-content\/uploads\/2026\/01\/agarran-768x513.jpg 768w\" sizes=\"(max-width: 1200px) 100vw, 1200px\" \/><\/a><\/p>\n","protected":false},"excerpt":{"rendered":"<p>Elementos de la FGJEM aprehendieron a Adri\u00e1n Gael \u201cN\u201d alias \u201cEl Fercho\u201d, por su presunta responsabilidad en el delito de robo de veh\u00edculo con violencia. Fue identificado como el presunto l\u00edder de una estructura criminal autodenominada \u201cLos Ferchos\u201d, cuyos integrantes operaban el robo de veh\u00edculo en el municipio de Tlalnepantla. El pasado 27 de diciembre, [&hellip;]<\/p>\n","protected":false},"author":1,"featured_media":59971,"comment_status":"open","ping_status":"open","sticky":false,"template":"","format":"standard","meta":{"footnotes":""},"categories":[102,124,232],"tags":[],"class_list":["post-59967","post","type-post","status-publish","format-standard","has-post-thumbnail","hentry","category-edomex","category-nacional","category-tlalnepantla"],"_links":{"self":[{"href":"https:\/\/quepocamadre.com\/index.php?rest_route=\/wp\/v2\/posts\/59967","targetHints":{"allow":["GET"]}}],"collection":[{"href":"https:\/\/quepocamadre.com\/index.php?rest_route=\/wp\/v2\/posts"}],"about":[{"href":"https:\/\/quepocamadre.com\/index.php?rest_route=\/wp\/v2\/types\/post"}],"author":[{"embeddable":true,"href":"https:\/\/quepocamadre.com\/index.php?rest_route=\/wp\/v2\/users\/1"}],"replies":[{"embeddable":true,"href":"https:\/\/quepocamadre.com\/index.php?rest_route=%2Fwp%2Fv2%2Fcomments&post=59967"}],"version-history":[{"count":1,"href":"https:\/\/quepocamadre.com\/index.php?rest_route=\/wp\/v2\/posts\/59967\/revisions"}],"predecessor-version":[{"id":59973,"href":"https:\/\/quepocamadre.com\/index.php?rest_route=\/wp\/v2\/posts\/59967\/revisions\/59973"}],"wp:featuredmedia":[{"embeddable":true,"href":"https:\/\/quepocamadre.com\/index.php?rest_route=\/wp\/v2\/media\/59971"}],"wp:attachment":[{"href":"https:\/\/quepocamadre.com\/index.php?rest_route=%2Fwp%2Fv2%2Fmedia&parent=59967"}],"wp:term":[{"taxonomy":"category","embeddable":true,"href":"https:\/\/quepocamadre.com\/index.php?rest_route=%2Fwp%2Fv2%2Fcategories&post=59967"},{"taxonomy":"post_tag","embeddable":true,"href":"https:\/\/quepocamadre.com\/index.php?rest_route=%2Fwp%2Fv2%2Ftags&post=59967"}],"curies":[{"name":"wp","href":"https:\/\/api.w.org\/{rel}","templated":true}]}}