{"id":59946,"date":"2026-01-09T07:58:28","date_gmt":"2026-01-09T13:58:28","guid":{"rendered":"https:\/\/quepocamadre.com\/?p=59946"},"modified":"2026-01-09T07:58:28","modified_gmt":"2026-01-09T13:58:28","slug":"murio-arrollado-en-chiapa-de-corzo","status":"publish","type":"post","link":"https:\/\/quepocamadre.com\/?p=59946","title":{"rendered":"\u00a1MURI\u00d3 ARROLLADO EN CHIAPA DE CORZO!"},"content":{"rendered":"<p>Un peat\u00f3n perdi\u00f3 la vida de manera tr\u00e1gica tras ser atropellado sobre la v\u00eda que conduce a Chiapa de Corzo, en Tuxtla Guti\u00e9rrez. El impacto fue tan violento que la v\u00edctima qued\u00f3 tendida sobre el asfalto, sin que pudiera recibir auxilio a tiempo, provocando escenas de consternaci\u00f3n entre automovilistas que transitaban por la zona.<\/p>\n<p>Param\u00e9dicos acudieron al lugar, pero \u00fanicamente confirmaron que la persona ya no contaba con signos vitales. Autoridades acordonaron el \u00e1rea para realizar las diligencias correspondientes, mientras se investiga la mec\u00e1nica del atropellamiento y la responsabilidad del conductor involucrado.<\/p>\n","protected":false},"excerpt":{"rendered":"<p>Un peat\u00f3n perdi\u00f3 la vida de manera tr\u00e1gica tras ser atropellado sobre la v\u00eda que conduce a Chiapa de Corzo, en Tuxtla Guti\u00e9rrez. El impacto fue tan violento que la v\u00edctima qued\u00f3 tendida sobre el asfalto, sin que pudiera recibir auxilio a tiempo, provocando escenas de consternaci\u00f3n entre automovilistas que transitaban por la zona. Param\u00e9dicos [&hellip;]<\/p>\n","protected":false},"author":1,"featured_media":59950,"comment_status":"open","ping_status":"open","sticky":false,"template":"","format":"standard","meta":{"footnotes":""},"categories":[159,124],"tags":[],"class_list":["post-59946","post","type-post","status-publish","format-standard","has-post-thumbnail","hentry","category-chiapas","category-nacional"],"_links":{"self":[{"href":"https:\/\/quepocamadre.com\/index.php?rest_route=\/wp\/v2\/posts\/59946","targetHints":{"allow":["GET"]}}],"collection":[{"href":"https:\/\/quepocamadre.com\/index.php?rest_route=\/wp\/v2\/posts"}],"about":[{"href":"https:\/\/quepocamadre.com\/index.php?rest_route=\/wp\/v2\/types\/post"}],"author":[{"embeddable":true,"href":"https:\/\/quepocamadre.com\/index.php?rest_route=\/wp\/v2\/users\/1"}],"replies":[{"embeddable":true,"href":"https:\/\/quepocamadre.com\/index.php?rest_route=%2Fwp%2Fv2%2Fcomments&post=59946"}],"version-history":[{"count":1,"href":"https:\/\/quepocamadre.com\/index.php?rest_route=\/wp\/v2\/posts\/59946\/revisions"}],"predecessor-version":[{"id":59951,"href":"https:\/\/quepocamadre.com\/index.php?rest_route=\/wp\/v2\/posts\/59946\/revisions\/59951"}],"wp:featuredmedia":[{"embeddable":true,"href":"https:\/\/quepocamadre.com\/index.php?rest_route=\/wp\/v2\/media\/59950"}],"wp:attachment":[{"href":"https:\/\/quepocamadre.com\/index.php?rest_route=%2Fwp%2Fv2%2Fmedia&parent=59946"}],"wp:term":[{"taxonomy":"category","embeddable":true,"href":"https:\/\/quepocamadre.com\/index.php?rest_route=%2Fwp%2Fv2%2Fcategories&post=59946"},{"taxonomy":"post_tag","embeddable":true,"href":"https:\/\/quepocamadre.com\/index.php?rest_route=%2Fwp%2Fv2%2Ftags&post=59946"}],"curies":[{"name":"wp","href":"https:\/\/api.w.org\/{rel}","templated":true}]}}