{"id":59943,"date":"2026-01-09T07:57:50","date_gmt":"2026-01-09T13:57:50","guid":{"rendered":"https:\/\/quepocamadre.com\/?p=59943"},"modified":"2026-01-09T07:57:50","modified_gmt":"2026-01-09T13:57:50","slug":"rescatan-el-cuerpo-de-un-nino-de-dos-anos-que-se-ahogo","status":"publish","type":"post","link":"https:\/\/quepocamadre.com\/?p=59943","title":{"rendered":"RESCATAN EL CUERPO DE UN NI\u00d1O DE DOS A\u00d1OS QUE SE AHOG\u00d3"},"content":{"rendered":"<p>Un desenlace devastador sacudi\u00f3 a la comunidad de Villa del Carb\u00f3n luego de que fuera localizado el cuerpo sin vida de un menor de apenas 2 a\u00f1os en la presa Benito Ju\u00e1rez. Tras varias horas de b\u00fasqueda contrarreloj, rescatistas lograron recuperar al peque\u00f1o, confirmando la peor de las noticias.<\/p>\n<p>Las labores de localizaci\u00f3n se extendieron durante gran parte del d\u00eda, en medio de la angustia de familiares y vecinos. El hallazgo puso fin a la esperanza y dej\u00f3 una escena de profundo dolor que ha conmocionado a la regi\u00f3n.<\/p>\n","protected":false},"excerpt":{"rendered":"<p>Un desenlace devastador sacudi\u00f3 a la comunidad de Villa del Carb\u00f3n luego de que fuera localizado el cuerpo sin vida de un menor de apenas 2 a\u00f1os en la presa Benito Ju\u00e1rez. Tras varias horas de b\u00fasqueda contrarreloj, rescatistas lograron recuperar al peque\u00f1o, confirmando la peor de las noticias. Las labores de localizaci\u00f3n se extendieron [&hellip;]<\/p>\n","protected":false},"author":1,"featured_media":59947,"comment_status":"open","ping_status":"open","sticky":false,"template":"","format":"standard","meta":{"footnotes":""},"categories":[102,124,269],"tags":[],"class_list":["post-59943","post","type-post","status-publish","format-standard","has-post-thumbnail","hentry","category-edomex","category-nacional","category-villa-del-carbon"],"_links":{"self":[{"href":"https:\/\/quepocamadre.com\/index.php?rest_route=\/wp\/v2\/posts\/59943","targetHints":{"allow":["GET"]}}],"collection":[{"href":"https:\/\/quepocamadre.com\/index.php?rest_route=\/wp\/v2\/posts"}],"about":[{"href":"https:\/\/quepocamadre.com\/index.php?rest_route=\/wp\/v2\/types\/post"}],"author":[{"embeddable":true,"href":"https:\/\/quepocamadre.com\/index.php?rest_route=\/wp\/v2\/users\/1"}],"replies":[{"embeddable":true,"href":"https:\/\/quepocamadre.com\/index.php?rest_route=%2Fwp%2Fv2%2Fcomments&post=59943"}],"version-history":[{"count":1,"href":"https:\/\/quepocamadre.com\/index.php?rest_route=\/wp\/v2\/posts\/59943\/revisions"}],"predecessor-version":[{"id":59948,"href":"https:\/\/quepocamadre.com\/index.php?rest_route=\/wp\/v2\/posts\/59943\/revisions\/59948"}],"wp:featuredmedia":[{"embeddable":true,"href":"https:\/\/quepocamadre.com\/index.php?rest_route=\/wp\/v2\/media\/59947"}],"wp:attachment":[{"href":"https:\/\/quepocamadre.com\/index.php?rest_route=%2Fwp%2Fv2%2Fmedia&parent=59943"}],"wp:term":[{"taxonomy":"category","embeddable":true,"href":"https:\/\/quepocamadre.com\/index.php?rest_route=%2Fwp%2Fv2%2Fcategories&post=59943"},{"taxonomy":"post_tag","embeddable":true,"href":"https:\/\/quepocamadre.com\/index.php?rest_route=%2Fwp%2Fv2%2Ftags&post=59943"}],"curies":[{"name":"wp","href":"https:\/\/api.w.org\/{rel}","templated":true}]}}