{"id":59846,"date":"2026-01-07T08:39:27","date_gmt":"2026-01-07T14:39:27","guid":{"rendered":"https:\/\/quepocamadre.com\/?p=59846"},"modified":"2026-01-07T08:39:27","modified_gmt":"2026-01-07T14:39:27","slug":"aseguran-arsenal-y-camioneta-robada-en-sonora","status":"publish","type":"post","link":"https:\/\/quepocamadre.com\/?p=59846","title":{"rendered":"Aseguran arsenal y camioneta robada en Sonora"},"content":{"rendered":"<p>Como parte de los operativos de vigilancia de la Mesa Estatal de Seguridad, fuerzas federales aseguraron en Navojoa, Sonora, una camioneta Mercedes-Benz tipo SUV con reporte de robo vigente en Estados Unidos, adem\u00e1s de un arsenal de alto poder.<\/p>\n<p>En la inspecci\u00f3n del veh\u00edculo se localizaron 18 armas largas, tres armas cortas, 10 cargadores y 146 cartuchos \u00fatiles de distintos calibres, entre ellos fusiles, subfusiles, rifles semiautom\u00e1ticos y una escopeta. Tanto la unidad como el armamento quedaron a disposici\u00f3n de la Fiscal\u00eda General de la Rep\u00fablica, con el personal militar como primer respondiente. Las autoridades subrayaron que el resultado deriva de la coordinaci\u00f3n entre los tres \u00f3rdenes de gobierno y reiteraron que se mantendr\u00e1n las acciones para prevenir delitos de alto impacto y fortalecer la seguridad en la entidad.<\/p>\n<p><a href=\"https:\/\/quepocamadre.com\/wp-content\/uploads\/2026\/01\/ASEGURAN-ARSENAL-Y-CAMIONETA-ROBADA-EN-SONORA.jpg\"><img fetchpriority=\"high\" decoding=\"async\" class=\"aligncenter size-full wp-image-59848\" src=\"https:\/\/quepocamadre.com\/wp-content\/uploads\/2026\/01\/ASEGURAN-ARSENAL-Y-CAMIONETA-ROBADA-EN-SONORA.jpg\" alt=\"\" width=\"1200\" height=\"801\" srcset=\"https:\/\/quepocamadre.com\/wp-content\/uploads\/2026\/01\/ASEGURAN-ARSENAL-Y-CAMIONETA-ROBADA-EN-SONORA.jpg 1200w, https:\/\/quepocamadre.com\/wp-content\/uploads\/2026\/01\/ASEGURAN-ARSENAL-Y-CAMIONETA-ROBADA-EN-SONORA-300x200.jpg 300w, https:\/\/quepocamadre.com\/wp-content\/uploads\/2026\/01\/ASEGURAN-ARSENAL-Y-CAMIONETA-ROBADA-EN-SONORA-1024x684.jpg 1024w, https:\/\/quepocamadre.com\/wp-content\/uploads\/2026\/01\/ASEGURAN-ARSENAL-Y-CAMIONETA-ROBADA-EN-SONORA-768x513.jpg 768w\" sizes=\"(max-width: 1200px) 100vw, 1200px\" \/><\/a><\/p>\n","protected":false},"excerpt":{"rendered":"<p>Como parte de los operativos de vigilancia de la Mesa Estatal de Seguridad, fuerzas federales aseguraron en Navojoa, Sonora, una camioneta Mercedes-Benz tipo SUV con reporte de robo vigente en Estados Unidos, adem\u00e1s de un arsenal de alto poder. En la inspecci\u00f3n del veh\u00edculo se localizaron 18 armas largas, tres armas cortas, 10 cargadores y [&hellip;]<\/p>\n","protected":false},"author":1,"featured_media":59847,"comment_status":"open","ping_status":"open","sticky":false,"template":"","format":"standard","meta":{"footnotes":""},"categories":[124,138],"tags":[],"class_list":["post-59846","post","type-post","status-publish","format-standard","has-post-thumbnail","hentry","category-nacional","category-sonora"],"_links":{"self":[{"href":"https:\/\/quepocamadre.com\/index.php?rest_route=\/wp\/v2\/posts\/59846","targetHints":{"allow":["GET"]}}],"collection":[{"href":"https:\/\/quepocamadre.com\/index.php?rest_route=\/wp\/v2\/posts"}],"about":[{"href":"https:\/\/quepocamadre.com\/index.php?rest_route=\/wp\/v2\/types\/post"}],"author":[{"embeddable":true,"href":"https:\/\/quepocamadre.com\/index.php?rest_route=\/wp\/v2\/users\/1"}],"replies":[{"embeddable":true,"href":"https:\/\/quepocamadre.com\/index.php?rest_route=%2Fwp%2Fv2%2Fcomments&post=59846"}],"version-history":[{"count":1,"href":"https:\/\/quepocamadre.com\/index.php?rest_route=\/wp\/v2\/posts\/59846\/revisions"}],"predecessor-version":[{"id":59849,"href":"https:\/\/quepocamadre.com\/index.php?rest_route=\/wp\/v2\/posts\/59846\/revisions\/59849"}],"wp:featuredmedia":[{"embeddable":true,"href":"https:\/\/quepocamadre.com\/index.php?rest_route=\/wp\/v2\/media\/59847"}],"wp:attachment":[{"href":"https:\/\/quepocamadre.com\/index.php?rest_route=%2Fwp%2Fv2%2Fmedia&parent=59846"}],"wp:term":[{"taxonomy":"category","embeddable":true,"href":"https:\/\/quepocamadre.com\/index.php?rest_route=%2Fwp%2Fv2%2Fcategories&post=59846"},{"taxonomy":"post_tag","embeddable":true,"href":"https:\/\/quepocamadre.com\/index.php?rest_route=%2Fwp%2Fv2%2Ftags&post=59846"}],"curies":[{"name":"wp","href":"https:\/\/api.w.org\/{rel}","templated":true}]}}