{"id":59771,"date":"2026-01-06T08:17:32","date_gmt":"2026-01-06T14:17:32","guid":{"rendered":"https:\/\/quepocamadre.com\/?p=59771"},"modified":"2026-01-06T08:17:32","modified_gmt":"2026-01-06T14:17:32","slug":"localizan-cuerpo-de-un-menor-en-presa-de-villa-del-carbon","status":"publish","type":"post","link":"https:\/\/quepocamadre.com\/?p=59771","title":{"rendered":"LOCALIZAN CUERPO DE UN MENOR EN PRESA DE VILLA DEL CARB\u00d3N"},"content":{"rendered":"<p>Elementos de la Cruz Roja CDMX y Edom\u00e9x localizaron y recuperaron el cuerpo de un menor en la presa Benito Ju\u00e1rez, tras varias horas de intensas labores de b\u00fasqueda realizadas ayer.<\/p>\n<p>Hasta el momento, se desconocen las circunstancias exactas que provocaron el hecho. Se espera que en las pr\u00f3ximas horas se emitan detalles oficiales sobre la identidad del menor y las causas del accidente.<\/p>\n","protected":false},"excerpt":{"rendered":"<p>Elementos de la Cruz Roja CDMX y Edom\u00e9x localizaron y recuperaron el cuerpo de un menor en la presa Benito Ju\u00e1rez, tras varias horas de intensas labores de b\u00fasqueda realizadas ayer. Hasta el momento, se desconocen las circunstancias exactas que provocaron el hecho. Se espera que en las pr\u00f3ximas horas se emitan detalles oficiales sobre [&hellip;]<\/p>\n","protected":false},"author":1,"featured_media":59775,"comment_status":"open","ping_status":"open","sticky":false,"template":"","format":"standard","meta":{"footnotes":""},"categories":[102,124,269],"tags":[],"class_list":["post-59771","post","type-post","status-publish","format-standard","has-post-thumbnail","hentry","category-edomex","category-nacional","category-villa-del-carbon"],"_links":{"self":[{"href":"https:\/\/quepocamadre.com\/index.php?rest_route=\/wp\/v2\/posts\/59771","targetHints":{"allow":["GET"]}}],"collection":[{"href":"https:\/\/quepocamadre.com\/index.php?rest_route=\/wp\/v2\/posts"}],"about":[{"href":"https:\/\/quepocamadre.com\/index.php?rest_route=\/wp\/v2\/types\/post"}],"author":[{"embeddable":true,"href":"https:\/\/quepocamadre.com\/index.php?rest_route=\/wp\/v2\/users\/1"}],"replies":[{"embeddable":true,"href":"https:\/\/quepocamadre.com\/index.php?rest_route=%2Fwp%2Fv2%2Fcomments&post=59771"}],"version-history":[{"count":1,"href":"https:\/\/quepocamadre.com\/index.php?rest_route=\/wp\/v2\/posts\/59771\/revisions"}],"predecessor-version":[{"id":59776,"href":"https:\/\/quepocamadre.com\/index.php?rest_route=\/wp\/v2\/posts\/59771\/revisions\/59776"}],"wp:featuredmedia":[{"embeddable":true,"href":"https:\/\/quepocamadre.com\/index.php?rest_route=\/wp\/v2\/media\/59775"}],"wp:attachment":[{"href":"https:\/\/quepocamadre.com\/index.php?rest_route=%2Fwp%2Fv2%2Fmedia&parent=59771"}],"wp:term":[{"taxonomy":"category","embeddable":true,"href":"https:\/\/quepocamadre.com\/index.php?rest_route=%2Fwp%2Fv2%2Fcategories&post=59771"},{"taxonomy":"post_tag","embeddable":true,"href":"https:\/\/quepocamadre.com\/index.php?rest_route=%2Fwp%2Fv2%2Ftags&post=59771"}],"curies":[{"name":"wp","href":"https:\/\/api.w.org\/{rel}","templated":true}]}}