{"id":59738,"date":"2025-12-19T07:41:35","date_gmt":"2025-12-19T13:41:35","guid":{"rendered":"https:\/\/quepocamadre.com\/?p=59738"},"modified":"2025-12-19T07:42:03","modified_gmt":"2025-12-19T13:42:03","slug":"se-desata-el-infierno-en-xalatlaco-se-enfrentan-policias-contra-talamontes","status":"publish","type":"post","link":"https:\/\/quepocamadre.com\/?p=59738","title":{"rendered":"\u00a1SE DESATA EL INFIERNO EN XALATLACO! SE ENFRENTAN POLIC\u00cdAS CONTRA TALAMONTES"},"content":{"rendered":"<blockquote><p><strong>El enfrentamiento dejo una persona fallecida y 6 polic\u00edas heridos.<\/strong><\/p><\/blockquote>\n<p>En la comunidad de Tejocotes, en las inmediaciones de la cabecera municipal de Xalatlaco, Estado de M\u00e9xico, se suscit\u00f3 un enfrentamiento entre 30 talamontes y fuerzas de seguridad federales y municipales.<\/p>\n<p><a href=\"https:\/\/quepocamadre.com\/wp-content\/uploads\/2025\/12\/se-desata-4.jpg\"><img fetchpriority=\"high\" decoding=\"async\" class=\"aligncenter size-full wp-image-59748\" src=\"https:\/\/quepocamadre.com\/wp-content\/uploads\/2025\/12\/se-desata-4.jpg\" alt=\"\" width=\"1200\" height=\"801\" srcset=\"https:\/\/quepocamadre.com\/wp-content\/uploads\/2025\/12\/se-desata-4.jpg 1200w, https:\/\/quepocamadre.com\/wp-content\/uploads\/2025\/12\/se-desata-4-300x200.jpg 300w, https:\/\/quepocamadre.com\/wp-content\/uploads\/2025\/12\/se-desata-4-1024x684.jpg 1024w, https:\/\/quepocamadre.com\/wp-content\/uploads\/2025\/12\/se-desata-4-768x513.jpg 768w\" sizes=\"(max-width: 1200px) 100vw, 1200px\" \/><\/a><\/p>\n<p>Los talamontes recibieron a balazos a los polic\u00edas, dejando como saldo preliminar a una persona muerta y diez lesionados.<\/p>\n<p>Los hechos ocurrieron aproximadamente a las 7:00 horas cuando elementos de la Guardia Nacional (GN) realizaban un recorrido de patrullaje habitual en la comunidad de El Tejocote y fueron agredidos por un grupo de 30 presuntos talamontes.<\/p>\n<p><a href=\"https:\/\/quepocamadre.com\/wp-content\/uploads\/2025\/12\/se-desata-3.jpg\"><img decoding=\"async\" class=\"aligncenter size-full wp-image-59747\" src=\"https:\/\/quepocamadre.com\/wp-content\/uploads\/2025\/12\/se-desata-3.jpg\" alt=\"\" width=\"1200\" height=\"801\" srcset=\"https:\/\/quepocamadre.com\/wp-content\/uploads\/2025\/12\/se-desata-3.jpg 1200w, https:\/\/quepocamadre.com\/wp-content\/uploads\/2025\/12\/se-desata-3-300x200.jpg 300w, https:\/\/quepocamadre.com\/wp-content\/uploads\/2025\/12\/se-desata-3-1024x684.jpg 1024w, https:\/\/quepocamadre.com\/wp-content\/uploads\/2025\/12\/se-desata-3-768x513.jpg 768w\" sizes=\"(max-width: 1200px) 100vw, 1200px\" \/><\/a><\/p>\n<p>Esta situaci\u00f3n escal\u00f3 r\u00e1pidamente, la polic\u00eda municipal de Xalatlaco acudi\u00f3 al sitio en apoyo de la GN y fueron recibidos con disparos de armas de fuego, ya que los presuntos atacantes hab\u00edan obtenido refuerzos.<\/p>\n<p>Como resultado de la balacera, siete polic\u00edas fueron lesionados; dos sufrieron heridas por arma de fuego, uno m\u00e1s result\u00f3 lesionado con arma blanca, y el resto present\u00f3 lesiones a causa de golpes. Los efectivos heridos tuvieron que ser trasladados a hospitales para recibir la atenci\u00f3n m\u00e9dica pertinente, si bien se reportaron fuera de peligro y estables en un hospital del Issemym.<\/p>\n<p><a href=\"https:\/\/quepocamadre.com\/wp-content\/uploads\/2025\/12\/se-desata-2.jpg\"><img decoding=\"async\" class=\"aligncenter size-full wp-image-59746\" src=\"https:\/\/quepocamadre.com\/wp-content\/uploads\/2025\/12\/se-desata-2.jpg\" alt=\"\" width=\"1200\" height=\"801\" srcset=\"https:\/\/quepocamadre.com\/wp-content\/uploads\/2025\/12\/se-desata-2.jpg 1200w, https:\/\/quepocamadre.com\/wp-content\/uploads\/2025\/12\/se-desata-2-300x200.jpg 300w, https:\/\/quepocamadre.com\/wp-content\/uploads\/2025\/12\/se-desata-2-1024x684.jpg 1024w, https:\/\/quepocamadre.com\/wp-content\/uploads\/2025\/12\/se-desata-2-768x513.jpg 768w\" sizes=\"(max-width: 1200px) 100vw, 1200px\" \/><\/a><\/p>\n<p>Se report\u00f3 que tres de los agresores resultaron heridos. Con respecto a la persona muerta, aunque extraoficialmente se supuso que era un talamonte, habitantes de la comunidad de Los Tejocotes contradijeron la versi\u00f3n oficial, se\u00f1alando que la persona que perdi\u00f3 la vida tras el enfrentamiento era un civil que se dedicaba a la venta de tamales.<\/p>\n<p>El video que comenz\u00f3 a circular en redes sociales captur\u00f3 el momento \u00e1lgido del enfrentamiento en la calle Los Tejocotes, cerca de la iglesia.<\/p>\n<p><a href=\"https:\/\/quepocamadre.com\/wp-content\/uploads\/2025\/12\/se-desata.jpg\"><img loading=\"lazy\" decoding=\"async\" class=\"aligncenter size-full wp-image-59745\" src=\"https:\/\/quepocamadre.com\/wp-content\/uploads\/2025\/12\/se-desata.jpg\" alt=\"\" width=\"1200\" height=\"801\" srcset=\"https:\/\/quepocamadre.com\/wp-content\/uploads\/2025\/12\/se-desata.jpg 1200w, https:\/\/quepocamadre.com\/wp-content\/uploads\/2025\/12\/se-desata-300x200.jpg 300w, https:\/\/quepocamadre.com\/wp-content\/uploads\/2025\/12\/se-desata-1024x684.jpg 1024w, https:\/\/quepocamadre.com\/wp-content\/uploads\/2025\/12\/se-desata-768x513.jpg 768w\" sizes=\"(max-width: 1200px) 100vw, 1200px\" \/><\/a><\/p>\n<p>En la grabaci\u00f3n se observan elementos municipales apuntando con sus armas. En ese momento, supuestos pobladores con palos solicitaron a los oficiales que no dispararan, gritando: \u201cbajen las armas, no tienen derecho de apuntar, \u00bfpor qu\u00e9 apuntas? Estos est\u00e1n vivos\u201d. Poco despu\u00e9s de estas peticiones, se escucharon detonaciones de armas de fuego.<\/p>\n<p>Como consecuencia de la confrontaci\u00f3n, los habitantes retuvieron tres patrullas de las corporaciones. Una de las unidades retenidas fue recuperada posteriormente, y otra result\u00f3 con da\u00f1os en la carrocer\u00eda y los vidrios.<\/p>\n<p><a href=\"https:\/\/quepocamadre.com\/wp-content\/uploads\/2025\/12\/se-desata-6.jpg\"><img loading=\"lazy\" decoding=\"async\" class=\"aligncenter size-full wp-image-59744\" src=\"https:\/\/quepocamadre.com\/wp-content\/uploads\/2025\/12\/se-desata-6.jpg\" alt=\"\" width=\"1200\" height=\"801\" srcset=\"https:\/\/quepocamadre.com\/wp-content\/uploads\/2025\/12\/se-desata-6.jpg 1200w, https:\/\/quepocamadre.com\/wp-content\/uploads\/2025\/12\/se-desata-6-300x200.jpg 300w, https:\/\/quepocamadre.com\/wp-content\/uploads\/2025\/12\/se-desata-6-1024x684.jpg 1024w, https:\/\/quepocamadre.com\/wp-content\/uploads\/2025\/12\/se-desata-6-768x513.jpg 768w\" sizes=\"(max-width: 1200px) 100vw, 1200px\" \/><\/a><\/p>\n","protected":false},"excerpt":{"rendered":"<p>El enfrentamiento dejo una persona fallecida y 6 polic\u00edas heridos. En la comunidad de Tejocotes, en las inmediaciones de la cabecera municipal de Xalatlaco, Estado de M\u00e9xico, se suscit\u00f3 un enfrentamiento entre 30 talamontes y fuerzas de seguridad federales y municipales. Los talamontes recibieron a balazos a los polic\u00edas, dejando como saldo preliminar a una [&hellip;]<\/p>\n","protected":false},"author":1,"featured_media":59743,"comment_status":"open","ping_status":"open","sticky":false,"template":"","format":"standard","meta":{"footnotes":""},"categories":[102,274,270],"tags":[],"class_list":["post-59738","post","type-post","status-publish","format-standard","has-post-thumbnail","hentry","category-edomex","category-portada","category-xalatlaco"],"_links":{"self":[{"href":"https:\/\/quepocamadre.com\/index.php?rest_route=\/wp\/v2\/posts\/59738","targetHints":{"allow":["GET"]}}],"collection":[{"href":"https:\/\/quepocamadre.com\/index.php?rest_route=\/wp\/v2\/posts"}],"about":[{"href":"https:\/\/quepocamadre.com\/index.php?rest_route=\/wp\/v2\/types\/post"}],"author":[{"embeddable":true,"href":"https:\/\/quepocamadre.com\/index.php?rest_route=\/wp\/v2\/users\/1"}],"replies":[{"embeddable":true,"href":"https:\/\/quepocamadre.com\/index.php?rest_route=%2Fwp%2Fv2%2Fcomments&post=59738"}],"version-history":[{"count":1,"href":"https:\/\/quepocamadre.com\/index.php?rest_route=\/wp\/v2\/posts\/59738\/revisions"}],"predecessor-version":[{"id":59749,"href":"https:\/\/quepocamadre.com\/index.php?rest_route=\/wp\/v2\/posts\/59738\/revisions\/59749"}],"wp:featuredmedia":[{"embeddable":true,"href":"https:\/\/quepocamadre.com\/index.php?rest_route=\/wp\/v2\/media\/59743"}],"wp:attachment":[{"href":"https:\/\/quepocamadre.com\/index.php?rest_route=%2Fwp%2Fv2%2Fmedia&parent=59738"}],"wp:term":[{"taxonomy":"category","embeddable":true,"href":"https:\/\/quepocamadre.com\/index.php?rest_route=%2Fwp%2Fv2%2Fcategories&post=59738"},{"taxonomy":"post_tag","embeddable":true,"href":"https:\/\/quepocamadre.com\/index.php?rest_route=%2Fwp%2Fv2%2Ftags&post=59738"}],"curies":[{"name":"wp","href":"https:\/\/api.w.org\/{rel}","templated":true}]}}