{"id":59637,"date":"2025-12-18T07:17:14","date_gmt":"2025-12-18T13:17:14","guid":{"rendered":"https:\/\/quepocamadre.com\/?p=59637"},"modified":"2025-12-18T07:17:14","modified_gmt":"2025-12-18T13:17:14","slug":"fuerte-accidente-entre-combi-y-trailer-cerca-del-ejido-belen-en-campeche","status":"publish","type":"post","link":"https:\/\/quepocamadre.com\/?p=59637","title":{"rendered":"FUERTE ACCIDENTE ENTRE COMBI Y TR\u00c1ILER CERCA DEL EJIDO BEL\u00c9N EN CAMPECHE"},"content":{"rendered":"<p>Un fuerte accidente carretero se registr\u00f3 este d\u00eda cerca del ejido Bel\u00e9n, en el municipio de Esc\u00e1rcega, Campeche, tras la colisi\u00f3n entre una combi de transporte p\u00fablico y un tr\u00e1iler. Debido a la magnitud del impacto, el tramo fue cerrado a la circulaci\u00f3n, generando afectaciones al tr\u00e1nsito vehicular en la zona.<\/p>\n<p>Hasta el momento no se ha confirmado el n\u00famero de personas lesionadas ni la gravedad de las heridas. Unidades de emergencia arribaron al lugar para valorar y atender a los afectados, mientras autoridades realizan las diligencias correspondientes para esclarecer las causas del percance.<\/p>\n<p><a href=\"https:\/\/quepocamadre.com\/wp-content\/uploads\/2025\/12\/FUERTE-ACCIDENTE-ENTRE-COMBI-Y-TRAILER-CERCA-DEL-EJIDO-BELEN-EN-CAMPECHE.jpg\"><img fetchpriority=\"high\" decoding=\"async\" class=\"aligncenter size-full wp-image-59642\" src=\"https:\/\/quepocamadre.com\/wp-content\/uploads\/2025\/12\/FUERTE-ACCIDENTE-ENTRE-COMBI-Y-TRAILER-CERCA-DEL-EJIDO-BELEN-EN-CAMPECHE.jpg\" alt=\"\" width=\"1200\" height=\"801\" srcset=\"https:\/\/quepocamadre.com\/wp-content\/uploads\/2025\/12\/FUERTE-ACCIDENTE-ENTRE-COMBI-Y-TRAILER-CERCA-DEL-EJIDO-BELEN-EN-CAMPECHE.jpg 1200w, https:\/\/quepocamadre.com\/wp-content\/uploads\/2025\/12\/FUERTE-ACCIDENTE-ENTRE-COMBI-Y-TRAILER-CERCA-DEL-EJIDO-BELEN-EN-CAMPECHE-300x200.jpg 300w, https:\/\/quepocamadre.com\/wp-content\/uploads\/2025\/12\/FUERTE-ACCIDENTE-ENTRE-COMBI-Y-TRAILER-CERCA-DEL-EJIDO-BELEN-EN-CAMPECHE-1024x684.jpg 1024w, https:\/\/quepocamadre.com\/wp-content\/uploads\/2025\/12\/FUERTE-ACCIDENTE-ENTRE-COMBI-Y-TRAILER-CERCA-DEL-EJIDO-BELEN-EN-CAMPECHE-768x513.jpg 768w\" sizes=\"(max-width: 1200px) 100vw, 1200px\" \/><\/a><\/p>\n","protected":false},"excerpt":{"rendered":"<p>Un fuerte accidente carretero se registr\u00f3 este d\u00eda cerca del ejido Bel\u00e9n, en el municipio de Esc\u00e1rcega, Campeche, tras la colisi\u00f3n entre una combi de transporte p\u00fablico y un tr\u00e1iler. Debido a la magnitud del impacto, el tramo fue cerrado a la circulaci\u00f3n, generando afectaciones al tr\u00e1nsito vehicular en la zona. Hasta el momento no [&hellip;]<\/p>\n","protected":false},"author":1,"featured_media":59641,"comment_status":"open","ping_status":"open","sticky":false,"template":"","format":"standard","meta":{"footnotes":""},"categories":[135,124],"tags":[],"class_list":["post-59637","post","type-post","status-publish","format-standard","has-post-thumbnail","hentry","category-campeche","category-nacional"],"_links":{"self":[{"href":"https:\/\/quepocamadre.com\/index.php?rest_route=\/wp\/v2\/posts\/59637","targetHints":{"allow":["GET"]}}],"collection":[{"href":"https:\/\/quepocamadre.com\/index.php?rest_route=\/wp\/v2\/posts"}],"about":[{"href":"https:\/\/quepocamadre.com\/index.php?rest_route=\/wp\/v2\/types\/post"}],"author":[{"embeddable":true,"href":"https:\/\/quepocamadre.com\/index.php?rest_route=\/wp\/v2\/users\/1"}],"replies":[{"embeddable":true,"href":"https:\/\/quepocamadre.com\/index.php?rest_route=%2Fwp%2Fv2%2Fcomments&post=59637"}],"version-history":[{"count":1,"href":"https:\/\/quepocamadre.com\/index.php?rest_route=\/wp\/v2\/posts\/59637\/revisions"}],"predecessor-version":[{"id":59643,"href":"https:\/\/quepocamadre.com\/index.php?rest_route=\/wp\/v2\/posts\/59637\/revisions\/59643"}],"wp:featuredmedia":[{"embeddable":true,"href":"https:\/\/quepocamadre.com\/index.php?rest_route=\/wp\/v2\/media\/59641"}],"wp:attachment":[{"href":"https:\/\/quepocamadre.com\/index.php?rest_route=%2Fwp%2Fv2%2Fmedia&parent=59637"}],"wp:term":[{"taxonomy":"category","embeddable":true,"href":"https:\/\/quepocamadre.com\/index.php?rest_route=%2Fwp%2Fv2%2Fcategories&post=59637"},{"taxonomy":"post_tag","embeddable":true,"href":"https:\/\/quepocamadre.com\/index.php?rest_route=%2Fwp%2Fv2%2Ftags&post=59637"}],"curies":[{"name":"wp","href":"https:\/\/api.w.org\/{rel}","templated":true}]}}