{"id":59583,"date":"2025-12-17T07:07:41","date_gmt":"2025-12-17T13:07:41","guid":{"rendered":"https:\/\/quepocamadre.com\/?p=59583"},"modified":"2025-12-17T07:07:41","modified_gmt":"2025-12-17T13:07:41","slug":"localizan-sin-vida-a-menor-de-15-anos-al-interior-de-una-casa-en-guaymas","status":"publish","type":"post","link":"https:\/\/quepocamadre.com\/?p=59583","title":{"rendered":"LOCALIZAN SIN VIDA A MENOR DE 15 A\u00d1OS AL INTERIOR DE UNA CASA EN GUAYMAS"},"content":{"rendered":"<p>El cuerpo sin vida de una menor de 15 a\u00f1os fue localizado al interior de un domicilio del fraccionamiento Santa Fe, en Guaymas, Sonora, lo que gener\u00f3 una movilizaci\u00f3n de cuerpos de emergencia y autoridades. Fueron los propios padres quienes realizaron el hallazgo dentro de una de las habitaciones y solicitaron auxilio de inmediato. Param\u00e9dicos de la Cruz Roja acudieron al sitio, pero \u00fanicamente pudieron confirmar que la adolescente ya no contaba con signos vitales.<\/p>\n<p>El \u00e1rea fue acordonada por elementos de la Polic\u00eda Municipal, mientras peritos de la Fiscal\u00eda General de Justicia del Estado (FGJE) realizaron el procesamiento de la escena para esclarecer las causas del fallecimiento. Hasta el momento, las autoridades no han emitido informaci\u00f3n oficial sobre el origen del deceso.<\/p>\n","protected":false},"excerpt":{"rendered":"<p>El cuerpo sin vida de una menor de 15 a\u00f1os fue localizado al interior de un domicilio del fraccionamiento Santa Fe, en Guaymas, Sonora, lo que gener\u00f3 una movilizaci\u00f3n de cuerpos de emergencia y autoridades. Fueron los propios padres quienes realizaron el hallazgo dentro de una de las habitaciones y solicitaron auxilio de inmediato. Param\u00e9dicos [&hellip;]<\/p>\n","protected":false},"author":1,"featured_media":59587,"comment_status":"open","ping_status":"open","sticky":false,"template":"","format":"standard","meta":{"footnotes":""},"categories":[124,138],"tags":[],"class_list":["post-59583","post","type-post","status-publish","format-standard","has-post-thumbnail","hentry","category-nacional","category-sonora"],"_links":{"self":[{"href":"https:\/\/quepocamadre.com\/index.php?rest_route=\/wp\/v2\/posts\/59583","targetHints":{"allow":["GET"]}}],"collection":[{"href":"https:\/\/quepocamadre.com\/index.php?rest_route=\/wp\/v2\/posts"}],"about":[{"href":"https:\/\/quepocamadre.com\/index.php?rest_route=\/wp\/v2\/types\/post"}],"author":[{"embeddable":true,"href":"https:\/\/quepocamadre.com\/index.php?rest_route=\/wp\/v2\/users\/1"}],"replies":[{"embeddable":true,"href":"https:\/\/quepocamadre.com\/index.php?rest_route=%2Fwp%2Fv2%2Fcomments&post=59583"}],"version-history":[{"count":1,"href":"https:\/\/quepocamadre.com\/index.php?rest_route=\/wp\/v2\/posts\/59583\/revisions"}],"predecessor-version":[{"id":59588,"href":"https:\/\/quepocamadre.com\/index.php?rest_route=\/wp\/v2\/posts\/59583\/revisions\/59588"}],"wp:featuredmedia":[{"embeddable":true,"href":"https:\/\/quepocamadre.com\/index.php?rest_route=\/wp\/v2\/media\/59587"}],"wp:attachment":[{"href":"https:\/\/quepocamadre.com\/index.php?rest_route=%2Fwp%2Fv2%2Fmedia&parent=59583"}],"wp:term":[{"taxonomy":"category","embeddable":true,"href":"https:\/\/quepocamadre.com\/index.php?rest_route=%2Fwp%2Fv2%2Fcategories&post=59583"},{"taxonomy":"post_tag","embeddable":true,"href":"https:\/\/quepocamadre.com\/index.php?rest_route=%2Fwp%2Fv2%2Ftags&post=59583"}],"curies":[{"name":"wp","href":"https:\/\/api.w.org\/{rel}","templated":true}]}}