{"id":59580,"date":"2025-12-17T07:07:05","date_gmt":"2025-12-17T13:07:05","guid":{"rendered":"https:\/\/quepocamadre.com\/?p=59580"},"modified":"2025-12-17T07:07:05","modified_gmt":"2025-12-17T13:07:05","slug":"dejan-cabeza-y-mensaje-en-la-frontera-entre-chiapas-y-guatemala","status":"publish","type":"post","link":"https:\/\/quepocamadre.com\/?p=59580","title":{"rendered":"DEJAN CABEZA Y MENSAJE EN LA FRONTERA ENTRE CHIAPAS Y GUATEMALA"},"content":{"rendered":"<p>Un macabro hallazgo estremeci\u00f3 la frontera entre Chiapas y Guatemala, luego de que fuera abandonada una cabeza humana acompa\u00f1ada de un mensaje intimidatorio. El hecho fue descubierto por habitantes de la zona, lo que provoc\u00f3 una inmediata movilizaci\u00f3n de fuerzas de seguridad en el \u00e1rea lim\u00edtrofe.<\/p>\n<p>Autoridades acordonaron el sitio y realizaron el levantamiento de los restos, mientras analizan el contenido del mensaje, que apunta a una advertencia entre grupos criminales. La Fiscal\u00eda ya abri\u00f3 una carpeta de investigaci\u00f3n para identificar a la v\u00edctima y esclarecer este acto de extrema violencia que vuelve a encender las alarmas en la regi\u00f3n fronteriza.<\/p>\n","protected":false},"excerpt":{"rendered":"<p>Un macabro hallazgo estremeci\u00f3 la frontera entre Chiapas y Guatemala, luego de que fuera abandonada una cabeza humana acompa\u00f1ada de un mensaje intimidatorio. El hecho fue descubierto por habitantes de la zona, lo que provoc\u00f3 una inmediata movilizaci\u00f3n de fuerzas de seguridad en el \u00e1rea lim\u00edtrofe. Autoridades acordonaron el sitio y realizaron el levantamiento de [&hellip;]<\/p>\n","protected":false},"author":1,"featured_media":59584,"comment_status":"open","ping_status":"open","sticky":false,"template":"","format":"standard","meta":{"footnotes":""},"categories":[159,124],"tags":[],"class_list":["post-59580","post","type-post","status-publish","format-standard","has-post-thumbnail","hentry","category-chiapas","category-nacional"],"_links":{"self":[{"href":"https:\/\/quepocamadre.com\/index.php?rest_route=\/wp\/v2\/posts\/59580","targetHints":{"allow":["GET"]}}],"collection":[{"href":"https:\/\/quepocamadre.com\/index.php?rest_route=\/wp\/v2\/posts"}],"about":[{"href":"https:\/\/quepocamadre.com\/index.php?rest_route=\/wp\/v2\/types\/post"}],"author":[{"embeddable":true,"href":"https:\/\/quepocamadre.com\/index.php?rest_route=\/wp\/v2\/users\/1"}],"replies":[{"embeddable":true,"href":"https:\/\/quepocamadre.com\/index.php?rest_route=%2Fwp%2Fv2%2Fcomments&post=59580"}],"version-history":[{"count":1,"href":"https:\/\/quepocamadre.com\/index.php?rest_route=\/wp\/v2\/posts\/59580\/revisions"}],"predecessor-version":[{"id":59585,"href":"https:\/\/quepocamadre.com\/index.php?rest_route=\/wp\/v2\/posts\/59580\/revisions\/59585"}],"wp:featuredmedia":[{"embeddable":true,"href":"https:\/\/quepocamadre.com\/index.php?rest_route=\/wp\/v2\/media\/59584"}],"wp:attachment":[{"href":"https:\/\/quepocamadre.com\/index.php?rest_route=%2Fwp%2Fv2%2Fmedia&parent=59580"}],"wp:term":[{"taxonomy":"category","embeddable":true,"href":"https:\/\/quepocamadre.com\/index.php?rest_route=%2Fwp%2Fv2%2Fcategories&post=59580"},{"taxonomy":"post_tag","embeddable":true,"href":"https:\/\/quepocamadre.com\/index.php?rest_route=%2Fwp%2Fv2%2Ftags&post=59580"}],"curies":[{"name":"wp","href":"https:\/\/api.w.org\/{rel}","templated":true}]}}