{"id":59571,"date":"2025-12-17T07:05:19","date_gmt":"2025-12-17T13:05:19","guid":{"rendered":"https:\/\/quepocamadre.com\/?p=59571"},"modified":"2025-12-17T07:05:19","modified_gmt":"2025-12-17T13:05:19","slug":"tragico-accidente-cobra-la-vida-de-una-persona","status":"publish","type":"post","link":"https:\/\/quepocamadre.com\/?p=59571","title":{"rendered":"TR\u00c1GICO ACCIDENTE COBRA LA VIDA DE UNA PERSONA"},"content":{"rendered":"<p>Un tr\u00e1gico accidente carretero se registr\u00f3 en la v\u00eda que conduce a Ocozocoautla, en el estado de Chiapas, donde una persona perdi\u00f3 la vida tras un fuerte percance vehicular. El impacto fue de tal magnitud que la v\u00edctima qued\u00f3 sin posibilidad de recibir auxilio, provocando escenas de consternaci\u00f3n entre automovilistas que transitaban por la zona.<\/p>\n<p>Cuerpos de emergencia arribaron al lugar, pero \u00fanicamente pudieron confirmar el fallecimiento. La carretera fue parcialmente cerrada mientras autoridades realizaban las diligencias correspondientes para determinar las causas del accidente y deslindar responsabilidades.<\/p>\n","protected":false},"excerpt":{"rendered":"<p>Un tr\u00e1gico accidente carretero se registr\u00f3 en la v\u00eda que conduce a Ocozocoautla, en el estado de Chiapas, donde una persona perdi\u00f3 la vida tras un fuerte percance vehicular. El impacto fue de tal magnitud que la v\u00edctima qued\u00f3 sin posibilidad de recibir auxilio, provocando escenas de consternaci\u00f3n entre automovilistas que transitaban por la zona. [&hellip;]<\/p>\n","protected":false},"author":1,"featured_media":59575,"comment_status":"open","ping_status":"open","sticky":false,"template":"","format":"standard","meta":{"footnotes":""},"categories":[159,124],"tags":[],"class_list":["post-59571","post","type-post","status-publish","format-standard","has-post-thumbnail","hentry","category-chiapas","category-nacional"],"_links":{"self":[{"href":"https:\/\/quepocamadre.com\/index.php?rest_route=\/wp\/v2\/posts\/59571","targetHints":{"allow":["GET"]}}],"collection":[{"href":"https:\/\/quepocamadre.com\/index.php?rest_route=\/wp\/v2\/posts"}],"about":[{"href":"https:\/\/quepocamadre.com\/index.php?rest_route=\/wp\/v2\/types\/post"}],"author":[{"embeddable":true,"href":"https:\/\/quepocamadre.com\/index.php?rest_route=\/wp\/v2\/users\/1"}],"replies":[{"embeddable":true,"href":"https:\/\/quepocamadre.com\/index.php?rest_route=%2Fwp%2Fv2%2Fcomments&post=59571"}],"version-history":[{"count":1,"href":"https:\/\/quepocamadre.com\/index.php?rest_route=\/wp\/v2\/posts\/59571\/revisions"}],"predecessor-version":[{"id":59576,"href":"https:\/\/quepocamadre.com\/index.php?rest_route=\/wp\/v2\/posts\/59571\/revisions\/59576"}],"wp:featuredmedia":[{"embeddable":true,"href":"https:\/\/quepocamadre.com\/index.php?rest_route=\/wp\/v2\/media\/59575"}],"wp:attachment":[{"href":"https:\/\/quepocamadre.com\/index.php?rest_route=%2Fwp%2Fv2%2Fmedia&parent=59571"}],"wp:term":[{"taxonomy":"category","embeddable":true,"href":"https:\/\/quepocamadre.com\/index.php?rest_route=%2Fwp%2Fv2%2Fcategories&post=59571"},{"taxonomy":"post_tag","embeddable":true,"href":"https:\/\/quepocamadre.com\/index.php?rest_route=%2Fwp%2Fv2%2Ftags&post=59571"}],"curies":[{"name":"wp","href":"https:\/\/api.w.org\/{rel}","templated":true}]}}